{"id":6932,"date":"2026-08-26T15:34:07","date_gmt":"2026-08-26T18:34:07","guid":{"rendered":"https:\/\/thebasnoticias.com.br\/?p=6932"},"modified":"2026-08-26T15:34:09","modified_gmt":"2026-08-26T18:34:09","slug":"homem-e-preso-suspeito-de-matar-vizinho-com-golpe-de-ferramenta-em-area-rural-de-guaratingueta","status":"publish","type":"post","link":"https:\/\/thebasnoticias.com.br\/?p=6932","title":{"rendered":"Homem \u00e9 preso suspeito de matar vizinho com golpe de ferramenta em \u00e1rea rural de Guaratinguet\u00e1"},"content":{"rendered":"<p class=\"wp-block-paragraph\">Um homem foi preso nesta quarta-feira (26), suspeito de matar o pr\u00f3prio vizinho com um golpe de ferramenta em uma \u00e1rea rural de <strong>Guaratinguet\u00e1<\/strong>, no Vale do Para\u00edba.<\/p><p class=\"wp-block-paragraph\">Segundo as informa\u00e7\u00f5es divulgadas sobre o caso, a v\u00edtima foi encontrada j\u00e1 sem vida ap\u00f3s ser atingida durante uma ocorr\u00eancia na zona rural do munic\u00edpio. O suspeito foi localizado e preso pelas autoridades.<\/p><p class=\"wp-block-paragraph\">A Pol\u00edcia Civil investiga as circunst\u00e2ncias do crime e busca esclarecer o que teria motivado a discuss\u00e3o entre os dois homens. A ferramenta que teria sido utilizada na agress\u00e3o tamb\u00e9m dever\u00e1 ser analisada durante a investiga\u00e7\u00e3o.<\/p><p class=\"wp-block-paragraph\">O caso ocorreu em uma regi\u00e3o rural de Guaratinguet\u00e1, onde equipes policiais foram acionadas para atender \u00e0 ocorr\u00eancia. A per\u00edcia esteve no local para realizar os trabalhos necess\u00e1rios e reunir elementos que possam ajudar na reconstru\u00e7\u00e3o do crime.<\/p><p class=\"wp-block-paragraph\">O suspeito foi encaminhado para a delegacia e permanece \u00e0 disposi\u00e7\u00e3o da Justi\u00e7a.<\/p><p class=\"wp-block-paragraph\">As circunst\u00e2ncias exatas da agress\u00e3o, assim como a rela\u00e7\u00e3o entre v\u00edtima e suspeito e a eventual motiva\u00e7\u00e3o do homic\u00eddio, ainda ser\u00e3o apuradas pela Pol\u00edcia Civil.<\/p><p class=\"wp-block-paragraph\"><strong>A investiga\u00e7\u00e3o continua e o suspeito \u00e9 considerado inocente at\u00e9 eventual condena\u00e7\u00e3o pela Justi\u00e7a.<\/strong><\/p>","protected":false},"excerpt":{"rendered":"<p>Um homem foi preso nesta quarta-feira (26), suspeito de matar o pr\u00f3prio vizinho com um golpe de ferramenta em uma \u00e1rea rural de Guaratinguet\u00e1, no Vale do Para\u00edba. Segundo as informa\u00e7\u00f5es divulgadas sobre o caso, a v\u00edtima foi encontrada j\u00e1 sem vida ap\u00f3s ser atingida durante uma ocorr\u00eancia na zona rural do munic\u00edpio. O suspeito [&hellip;]<\/p>\n","protected":false},"author":1,"featured_media":6933,"comment_status":"open","ping_status":"closed","sticky":false,"template":"","format":"standard","meta":{"site-sidebar-layout":"default","site-content-layout":"","ast-site-content-layout":"default","site-content-style":"default","site-sidebar-style":"default","ast-global-header-display":"","ast-banner-title-visibility":"","ast-main-header-display":"","ast-hfb-above-header-display":"","ast-hfb-below-header-display":"","ast-hfb-mobile-header-display":"","site-post-title":"","ast-breadcrumbs-content":"","ast-featured-img":"disabled","footer-sml-layout":"","theme-transparent-header-meta":"","adv-header-id-meta":"","stick-header-meta":"","header-above-stick-meta":"","header-main-stick-meta":"","header-below-stick-meta":"","astra-migrate-meta-layouts":"set","ast-page-background-enabled":"default","ast-page-background-meta":{"desktop":{"background-color":"var(--ast-global-color-4)","background-image":"","background-repeat":"repeat","background-position":"center center","background-size":"auto","background-attachment":"scroll","background-type":"","background-media":"","overlay-type":"","overlay-color":"","overlay-opacity":"","overlay-gradient":""},"tablet":{"background-color":"","background-image":"","background-repeat":"repeat","background-position":"center center","background-size":"auto","background-attachment":"scroll","background-type":"","background-media":"","overlay-type":"","overlay-color":"","overlay-opacity":"","overlay-gradient":""},"mobile":{"background-color":"","background-image":"","background-repeat":"repeat","background-position":"center center","background-size":"auto","background-attachment":"scroll","background-type":"","background-media":"","overlay-type":"","overlay-color":"","overlay-opacity":"","overlay-gradient":""}},"ast-content-background-meta":{"desktop":{"background-color":"var(--ast-global-color-5)","background-image":"","background-repeat":"repeat","background-position":"center center","background-size":"auto","background-attachment":"scroll","background-type":"","background-media":"","overlay-type":"","overlay-color":"","overlay-opacity":"","overlay-gradient":""},"tablet":{"background-color":"var(--ast-global-color-5)","background-image":"","background-repeat":"repeat","background-position":"center center","background-size":"auto","background-attachment":"scroll","background-type":"","background-media":"","overlay-type":"","overlay-color":"","overlay-opacity":"","overlay-gradient":""},"mobile":{"background-color":"var(--ast-global-color-5)","background-image":"","background-repeat":"repeat","background-position":"center center","background-size":"auto","background-attachment":"scroll","background-type":"","background-media":"","overlay-type":"","overlay-color":"","overlay-opacity":"","overlay-gradient":""}},"footnotes":""},"categories":[1],"tags":[],"class_list":["post-6932","post","type-post","status-publish","format-standard","has-post-thumbnail","hentry","category-sem-categoria"],"_links":{"self":[{"href":"https:\/\/thebasnoticias.com.br\/index.php?rest_route=\/wp\/v2\/posts\/6932","targetHints":{"allow":["GET"]}}],"collection":[{"href":"https:\/\/thebasnoticias.com.br\/index.php?rest_route=\/wp\/v2\/posts"}],"about":[{"href":"https:\/\/thebasnoticias.com.br\/index.php?rest_route=\/wp\/v2\/types\/post"}],"author":[{"embeddable":true,"href":"https:\/\/thebasnoticias.com.br\/index.php?rest_route=\/wp\/v2\/users\/1"}],"replies":[{"embeddable":true,"href":"https:\/\/thebasnoticias.com.br\/index.php?rest_route=%2Fwp%2Fv2%2Fcomments&post=6932"}],"version-history":[{"count":1,"href":"https:\/\/thebasnoticias.com.br\/index.php?rest_route=\/wp\/v2\/posts\/6932\/revisions"}],"predecessor-version":[{"id":6934,"href":"https:\/\/thebasnoticias.com.br\/index.php?rest_route=\/wp\/v2\/posts\/6932\/revisions\/6934"}],"wp:featuredmedia":[{"embeddable":true,"href":"https:\/\/thebasnoticias.com.br\/index.php?rest_route=\/wp\/v2\/media\/6933"}],"wp:attachment":[{"href":"https:\/\/thebasnoticias.com.br\/index.php?rest_route=%2Fwp%2Fv2%2Fmedia&parent=6932"}],"wp:term":[{"taxonomy":"category","embeddable":true,"href":"https:\/\/thebasnoticias.com.br\/index.php?rest_route=%2Fwp%2Fv2%2Fcategories&post=6932"},{"taxonomy":"post_tag","embeddable":true,"href":"https:\/\/thebasnoticias.com.br\/index.php?rest_route=%2Fwp%2Fv2%2Ftags&post=6932"}],"curies":[{"name":"wp","href":"https:\/\/api.w.org\/{rel}","templated":true}]}}