{"id":6935,"date":"2026-08-26T15:35:42","date_gmt":"2026-08-26T18:35:42","guid":{"rendered":"https:\/\/thebasnoticias.com.br\/?p=6935"},"modified":"2026-08-26T15:35:45","modified_gmt":"2026-08-26T18:35:45","slug":"mulher-morre-apos-ser-atropelada-por-carro-na-dutra-em-guaratingueta","status":"publish","type":"post","link":"https:\/\/thebasnoticias.com.br\/?p=6935","title":{"rendered":"Mulher morre ap\u00f3s ser atropelada por carro na Dutra, em Guaratinguet\u00e1"},"content":{"rendered":"<p class=\"wp-block-paragraph\">Uma mulher morreu ap\u00f3s ser atropelada por um carro na madrugada desta quarta-feira (26), na <strong>Rodovia Presidente Dutra (BR-116), em Guaratinguet\u00e1<\/strong>. O acidente aconteceu por volta das 4h05, na altura do <strong>km 63,6, no sentido Rio de Janeiro<\/strong>.<\/p><p class=\"wp-block-paragraph\">Segundo o boletim de ocorr\u00eancia, a v\u00edtima estava sobre a pista, pr\u00f3xima \u00e0 faixa da esquerda e ao canteiro central, quando foi atingida pelo ve\u00edculo. At\u00e9 a elabora\u00e7\u00e3o do registro policial, ela ainda n\u00e3o havia sido identificada. O corpo foi encaminhado ao <strong>Instituto M\u00e9dico Legal (IML) de Guaratinguet\u00e1<\/strong> para exame necrosc\u00f3pico.<\/p><h3 class=\"wp-block-heading\">Motorista n\u00e3o conseguiu evitar atropelamento<\/h3><p class=\"wp-block-paragraph\">O motorista contou \u00e0 pol\u00edcia que seguia pela rodovia quando, ap\u00f3s passar por uma curva \u00e0 esquerda, se deparou repentinamente com a mulher na pista. Segundo o relato, n\u00e3o houve tempo suficiente para realizar uma manobra para evitar a colis\u00e3o.<\/p><p class=\"wp-block-paragraph\">O trecho estava escuro e apresentava <strong>visibilidade reduzida<\/strong>. Um policial rodovi\u00e1rio federal ouvido durante a ocorr\u00eancia informou que n\u00e3o existe uma passarela nas proximidades imediatas do ponto do atropelamento, embora haja um t\u00fanel mais adiante utilizado por pedestres.<\/p><p class=\"wp-block-paragraph\">Ainda de acordo com o motorista, uma carreta trafegava ao lado do carro no momento em que ele percebeu a presen\u00e7a da mulher, o que teria dificultado uma tentativa de desvio. O ve\u00edculo conseguiu parar aproximadamente <strong>500 metros ap\u00f3s o ponto da colis\u00e3o<\/strong>.<\/p><p class=\"wp-block-paragraph\">A esposa do motorista estava no banco do passageiro e tamb\u00e9m permaneceu no local. Ela acionou o servi\u00e7o de emerg\u00eancia e relatou que o impacto ocorreu de forma muito r\u00e1pida.<\/p><h3 class=\"wp-block-heading\">Tentativas de reanima\u00e7\u00e3o<\/h3><p class=\"wp-block-paragraph\">Equipes da concession\u00e1ria respons\u00e1vel pela rodovia realizaram <strong>manobras de reanima\u00e7\u00e3o por cerca de 40 minutos<\/strong>, mas a v\u00edtima n\u00e3o resistiu aos ferimentos. A morte foi constatada no pr\u00f3prio local por um m\u00e9dico.<\/p><p class=\"wp-block-paragraph\">O motorista permaneceu no local ap\u00f3s o acidente e foi submetido ao teste do baf\u00f4metro, que apresentou resultado de <strong>0,00 mg\/L<\/strong>. Segundo a Pol\u00edcia Rodovi\u00e1ria Federal, ele tamb\u00e9m n\u00e3o apresentava sinais de embriaguez ou altera\u00e7\u00e3o da capacidade psicomotora.<\/p><h3 class=\"wp-block-heading\">Pol\u00edcia investiga o acidente<\/h3><p class=\"wp-block-paragraph\">O caso foi registrado inicialmente como <strong>homic\u00eddio culposo na dire\u00e7\u00e3o de ve\u00edculo automotor<\/strong>, mas a Pol\u00edcia Civil informou que a investiga\u00e7\u00e3o ainda est\u00e1 em fase inicial.<\/p><p class=\"wp-block-paragraph\">Os investigadores aguardam os <strong>laudos do Instituto de Criminal\u00edstica e do IML<\/strong>, que dever\u00e3o contribuir para esclarecer a din\u00e2mica do atropelamento e verificar as circunst\u00e2ncias que levaram \u00e0 morte da mulher.<\/p><p class=\"wp-block-paragraph\">At\u00e9 o momento, as autoridades afirmam que <strong>n\u00e3o h\u00e1 elementos suficientes para determinar eventual responsabilidade penal do motorista<\/strong>. A investiga\u00e7\u00e3o continuar\u00e1 at\u00e9 a conclus\u00e3o dos exames e demais dilig\u00eancias.<\/p>","protected":false},"excerpt":{"rendered":"<p>Uma mulher morreu ap\u00f3s ser atropelada por um carro na madrugada desta quarta-feira (26), na Rodovia Presidente Dutra (BR-116), em Guaratinguet\u00e1. O acidente aconteceu por volta das 4h05, na altura do km 63,6, no sentido Rio de Janeiro. Segundo o boletim de ocorr\u00eancia, a v\u00edtima estava sobre a pista, pr\u00f3xima \u00e0 faixa da esquerda e [&hellip;]<\/p>\n","protected":false},"author":1,"featured_media":6936,"comment_status":"open","ping_status":"closed","sticky":false,"template":"","format":"standard","meta":{"site-sidebar-layout":"default","site-content-layout":"","ast-site-content-layout":"default","site-content-style":"default","site-sidebar-style":"default","ast-global-header-display":"","ast-banner-title-visibility":"","ast-main-header-display":"","ast-hfb-above-header-display":"","ast-hfb-below-header-display":"","ast-hfb-mobile-header-display":"","site-post-title":"","ast-breadcrumbs-content":"","ast-featured-img":"disabled","footer-sml-layout":"","theme-transparent-header-meta":"","adv-header-id-meta":"","stick-header-meta":"","header-above-stick-meta":"","header-main-stick-meta":"","header-below-stick-meta":"","astra-migrate-meta-layouts":"set","ast-page-background-enabled":"default","ast-page-background-meta":{"desktop":{"background-color":"var(--ast-global-color-4)","background-image":"","background-repeat":"repeat","background-position":"center center","background-size":"auto","background-attachment":"scroll","background-type":"","background-media":"","overlay-type":"","overlay-color":"","overlay-opacity":"","overlay-gradient":""},"tablet":{"background-color":"","background-image":"","background-repeat":"repeat","background-position":"center center","background-size":"auto","background-attachment":"scroll","background-type":"","background-media":"","overlay-type":"","overlay-color":"","overlay-opacity":"","overlay-gradient":""},"mobile":{"background-color":"","background-image":"","background-repeat":"repeat","background-position":"center center","background-size":"auto","background-attachment":"scroll","background-type":"","background-media":"","overlay-type":"","overlay-color":"","overlay-opacity":"","overlay-gradient":""}},"ast-content-background-meta":{"desktop":{"background-color":"var(--ast-global-color-5)","background-image":"","background-repeat":"repeat","background-position":"center center","background-size":"auto","background-attachment":"scroll","background-type":"","background-media":"","overlay-type":"","overlay-color":"","overlay-opacity":"","overlay-gradient":""},"tablet":{"background-color":"var(--ast-global-color-5)","background-image":"","background-repeat":"repeat","background-position":"center center","background-size":"auto","background-attachment":"scroll","background-type":"","background-media":"","overlay-type":"","overlay-color":"","overlay-opacity":"","overlay-gradient":""},"mobile":{"background-color":"var(--ast-global-color-5)","background-image":"","background-repeat":"repeat","background-position":"center center","background-size":"auto","background-attachment":"scroll","background-type":"","background-media":"","overlay-type":"","overlay-color":"","overlay-opacity":"","overlay-gradient":""}},"footnotes":""},"categories":[1],"tags":[],"class_list":["post-6935","post","type-post","status-publish","format-standard","has-post-thumbnail","hentry","category-sem-categoria"],"_links":{"self":[{"href":"https:\/\/thebasnoticias.com.br\/index.php?rest_route=\/wp\/v2\/posts\/6935","targetHints":{"allow":["GET"]}}],"collection":[{"href":"https:\/\/thebasnoticias.com.br\/index.php?rest_route=\/wp\/v2\/posts"}],"about":[{"href":"https:\/\/thebasnoticias.com.br\/index.php?rest_route=\/wp\/v2\/types\/post"}],"author":[{"embeddable":true,"href":"https:\/\/thebasnoticias.com.br\/index.php?rest_route=\/wp\/v2\/users\/1"}],"replies":[{"embeddable":true,"href":"https:\/\/thebasnoticias.com.br\/index.php?rest_route=%2Fwp%2Fv2%2Fcomments&post=6935"}],"version-history":[{"count":1,"href":"https:\/\/thebasnoticias.com.br\/index.php?rest_route=\/wp\/v2\/posts\/6935\/revisions"}],"predecessor-version":[{"id":6937,"href":"https:\/\/thebasnoticias.com.br\/index.php?rest_route=\/wp\/v2\/posts\/6935\/revisions\/6937"}],"wp:featuredmedia":[{"embeddable":true,"href":"https:\/\/thebasnoticias.com.br\/index.php?rest_route=\/wp\/v2\/media\/6936"}],"wp:attachment":[{"href":"https:\/\/thebasnoticias.com.br\/index.php?rest_route=%2Fwp%2Fv2%2Fmedia&parent=6935"}],"wp:term":[{"taxonomy":"category","embeddable":true,"href":"https:\/\/thebasnoticias.com.br\/index.php?rest_route=%2Fwp%2Fv2%2Fcategories&post=6935"},{"taxonomy":"post_tag","embeddable":true,"href":"https:\/\/thebasnoticias.com.br\/index.php?rest_route=%2Fwp%2Fv2%2Ftags&post=6935"}],"curies":[{"name":"wp","href":"https:\/\/api.w.org\/{rel}","templated":true}]}}