{"id":6941,"date":"2026-08-26T15:38:31","date_gmt":"2026-08-26T18:38:31","guid":{"rendered":"https:\/\/thebasnoticias.com.br\/?p=6941"},"modified":"2026-08-26T15:38:33","modified_gmt":"2026-08-26T18:38:33","slug":"numero-de-vereadores-candidatos-a-deputado-cresce-em-sao-jose-e-taubate-nas-eleicoes-2026","status":"publish","type":"post","link":"https:\/\/thebasnoticias.com.br\/?p=6941","title":{"rendered":"N\u00famero de vereadores candidatos a deputado cresce em S\u00e3o Jos\u00e9 e Taubat\u00e9 nas Elei\u00e7\u00f5es 2026"},"content":{"rendered":"<p class=\"wp-block-paragraph\">O n\u00famero de vereadores das duas maiores cidades do Vale do Para\u00edba que decidiram disputar uma vaga de <strong>deputado estadual ou federal nas Elei\u00e7\u00f5es 2026<\/strong> aumentou em rela\u00e7\u00e3o ao pleito de 2022, segundo levantamento do g1 com base em dados divulgados pelo Tribunal Superior Eleitoral (TSE).<\/p><p class=\"wp-block-paragraph\">Em <strong>S\u00e3o Jos\u00e9 dos Campos<\/strong>, seis dos 21 vereadores eleitos em 2024 est\u00e3o concorrendo neste ano a cargos no Legislativo estadual ou federal. S\u00e3o quatro candidatos a deputado estadual e dois a deputado federal.<\/p><p class=\"wp-block-paragraph\">Nas elei\u00e7\u00f5es de 2022, cinco dos 21 vereadores eleitos em 2020 haviam disputado uma vaga de deputado. Todos concorreram \u00e0 Assembleia Legislativa de S\u00e3o Paulo. Com isso, o n\u00famero de vereadores joseenses que entraram na disputa aumentou <strong>20%<\/strong> em quatro anos.<\/p><h3 class=\"wp-block-heading\">Taubat\u00e9 tem aumento de 200%<\/h3><p class=\"wp-block-paragraph\">O crescimento foi ainda mais expressivo em <strong>Taubat\u00e9<\/strong>.<\/p><p class=\"wp-block-paragraph\">Em 2022, apenas dois dos vereadores eleitos em 2020 haviam concorrido a uma vaga de deputado, ambos para deputado estadual.<\/p><p class=\"wp-block-paragraph\">J\u00e1 nas Elei\u00e7\u00f5es 2026, <strong>seis dos 19 vereadores eleitos em 2024<\/strong> est\u00e3o tentando uma vaga no Legislativo estadual ou na C\u00e2mara dos Deputados.<\/p><p class=\"wp-block-paragraph\">Metade disputa uma cadeira de deputado federal e a outra metade concorre a deputado estadual. O n\u00famero representa um crescimento de <strong>200%<\/strong> em rela\u00e7\u00e3o \u00e0 elei\u00e7\u00e3o anterior.<\/p><h3 class=\"wp-block-heading\">Regi\u00e3o tem 142 candidatos<\/h3><p class=\"wp-block-paragraph\">O movimento ocorre em meio a uma disputa regional que re\u00fane <strong>142 candidatos<\/strong> a deputado estadual, deputado federal e Senado nas elei\u00e7\u00f5es deste ano.<\/p><p class=\"wp-block-paragraph\">S\u00e3o Jos\u00e9 dos Campos concentra a maior quantidade, com <strong>45 candidatos<\/strong>, sendo 22 a deputado estadual, 22 a deputado federal e um candidato ao Senado.<\/p><p class=\"wp-block-paragraph\">Taubat\u00e9 aparece na sequ\u00eancia, com <strong>26 candidatos<\/strong>, divididos igualmente entre deputado estadual e deputado federal.<\/p><p class=\"wp-block-paragraph\">As cinco cidades com maior n\u00famero de candidatos \u2014 S\u00e3o Jos\u00e9 dos Campos, Taubat\u00e9, Jacare\u00ed, Ubatuba e Pindamonhangaba \u2014 concentram <strong>95 dos 142 postulantes da RMVale<\/strong>, o equivalente a cerca de 67% do total.<\/p><h3 class=\"wp-block-heading\">Vereadores mant\u00eam mandato durante a disputa<\/h3><p class=\"wp-block-paragraph\">A candidatura a outro cargo eletivo <strong>n\u00e3o encerra automaticamente o mandato de um vereador<\/strong>. Os parlamentares podem disputar as elei\u00e7\u00f5es enquanto permanecem no exerc\u00edcio da fun\u00e7\u00e3o, observadas as regras eleitorais e os prazos de desincompatibiliza\u00e7\u00e3o aplic\u00e1veis a cada situa\u00e7\u00e3o.<\/p><p class=\"wp-block-paragraph\">O aumento da presen\u00e7a de vereadores na disputa estadual e federal mostra tamb\u00e9m uma estrat\u00e9gia de amplia\u00e7\u00e3o da representa\u00e7\u00e3o pol\u00edtica regional. Ao mesmo tempo, a multiplica\u00e7\u00e3o de candidaturas aumenta a concorr\u00eancia entre nomes que buscam conquistar votos dentro do pr\u00f3prio Vale do Para\u00edba.<\/p><p class=\"wp-block-paragraph\">As Elei\u00e7\u00f5es 2026 est\u00e3o marcadas para <strong>4 de outubro<\/strong>, quando os eleitores escolher\u00e3o presidente da Rep\u00fablica, governador, dois senadores, deputado federal e deputado estadual.<\/p>","protected":false},"excerpt":{"rendered":"<p>O n\u00famero de vereadores das duas maiores cidades do Vale do Para\u00edba que decidiram disputar uma vaga de deputado estadual ou federal nas Elei\u00e7\u00f5es 2026 aumentou em rela\u00e7\u00e3o ao pleito de 2022, segundo levantamento do g1 com base em dados divulgados pelo Tribunal Superior Eleitoral (TSE). Em S\u00e3o Jos\u00e9 dos Campos, seis dos 21 vereadores [&hellip;]<\/p>\n","protected":false},"author":1,"featured_media":6942,"comment_status":"open","ping_status":"closed","sticky":false,"template":"","format":"standard","meta":{"site-sidebar-layout":"default","site-content-layout":"","ast-site-content-layout":"default","site-content-style":"default","site-sidebar-style":"default","ast-global-header-display":"","ast-banner-title-visibility":"","ast-main-header-display":"","ast-hfb-above-header-display":"","ast-hfb-below-header-display":"","ast-hfb-mobile-header-display":"","site-post-title":"","ast-breadcrumbs-content":"","ast-featured-img":"disabled","footer-sml-layout":"","theme-transparent-header-meta":"","adv-header-id-meta":"","stick-header-meta":"","header-above-stick-meta":"","header-main-stick-meta":"","header-below-stick-meta":"","astra-migrate-meta-layouts":"set","ast-page-background-enabled":"default","ast-page-background-meta":{"desktop":{"background-color":"var(--ast-global-color-4)","background-image":"","background-repeat":"repeat","background-position":"center center","background-size":"auto","background-attachment":"scroll","background-type":"","background-media":"","overlay-type":"","overlay-color":"","overlay-opacity":"","overlay-gradient":""},"tablet":{"background-color":"","background-image":"","background-repeat":"repeat","background-position":"center center","background-size":"auto","background-attachment":"scroll","background-type":"","background-media":"","overlay-type":"","overlay-color":"","overlay-opacity":"","overlay-gradient":""},"mobile":{"background-color":"","background-image":"","background-repeat":"repeat","background-position":"center center","background-size":"auto","background-attachment":"scroll","background-type":"","background-media":"","overlay-type":"","overlay-color":"","overlay-opacity":"","overlay-gradient":""}},"ast-content-background-meta":{"desktop":{"background-color":"var(--ast-global-color-5)","background-image":"","background-repeat":"repeat","background-position":"center center","background-size":"auto","background-attachment":"scroll","background-type":"","background-media":"","overlay-type":"","overlay-color":"","overlay-opacity":"","overlay-gradient":""},"tablet":{"background-color":"var(--ast-global-color-5)","background-image":"","background-repeat":"repeat","background-position":"center center","background-size":"auto","background-attachment":"scroll","background-type":"","background-media":"","overlay-type":"","overlay-color":"","overlay-opacity":"","overlay-gradient":""},"mobile":{"background-color":"var(--ast-global-color-5)","background-image":"","background-repeat":"repeat","background-position":"center center","background-size":"auto","background-attachment":"scroll","background-type":"","background-media":"","overlay-type":"","overlay-color":"","overlay-opacity":"","overlay-gradient":""}},"footnotes":""},"categories":[1],"tags":[],"class_list":["post-6941","post","type-post","status-publish","format-standard","has-post-thumbnail","hentry","category-sem-categoria"],"_links":{"self":[{"href":"https:\/\/thebasnoticias.com.br\/index.php?rest_route=\/wp\/v2\/posts\/6941","targetHints":{"allow":["GET"]}}],"collection":[{"href":"https:\/\/thebasnoticias.com.br\/index.php?rest_route=\/wp\/v2\/posts"}],"about":[{"href":"https:\/\/thebasnoticias.com.br\/index.php?rest_route=\/wp\/v2\/types\/post"}],"author":[{"embeddable":true,"href":"https:\/\/thebasnoticias.com.br\/index.php?rest_route=\/wp\/v2\/users\/1"}],"replies":[{"embeddable":true,"href":"https:\/\/thebasnoticias.com.br\/index.php?rest_route=%2Fwp%2Fv2%2Fcomments&post=6941"}],"version-history":[{"count":1,"href":"https:\/\/thebasnoticias.com.br\/index.php?rest_route=\/wp\/v2\/posts\/6941\/revisions"}],"predecessor-version":[{"id":6943,"href":"https:\/\/thebasnoticias.com.br\/index.php?rest_route=\/wp\/v2\/posts\/6941\/revisions\/6943"}],"wp:featuredmedia":[{"embeddable":true,"href":"https:\/\/thebasnoticias.com.br\/index.php?rest_route=\/wp\/v2\/media\/6942"}],"wp:attachment":[{"href":"https:\/\/thebasnoticias.com.br\/index.php?rest_route=%2Fwp%2Fv2%2Fmedia&parent=6941"}],"wp:term":[{"taxonomy":"category","embeddable":true,"href":"https:\/\/thebasnoticias.com.br\/index.php?rest_route=%2Fwp%2Fv2%2Fcategories&post=6941"},{"taxonomy":"post_tag","embeddable":true,"href":"https:\/\/thebasnoticias.com.br\/index.php?rest_route=%2Fwp%2Fv2%2Ftags&post=6941"}],"curies":[{"name":"wp","href":"https:\/\/api.w.org\/{rel}","templated":true}]}}