{"id":6957,"date":"2026-08-27T08:10:35","date_gmt":"2026-08-27T11:10:35","guid":{"rendered":"https:\/\/thebasnoticias.com.br\/?p=6957"},"modified":"2026-08-31T08:11:52","modified_gmt":"2026-08-31T11:11:52","slug":"casal-nardoni-pode-voltar-a-prisao-alexandre-e-anna-carolina-cumpriram-pena-em-tremembe","status":"publish","type":"post","link":"https:\/\/thebasnoticias.com.br\/?p=6957","title":{"rendered":"Casal Nardoni pode voltar \u00e0 pris\u00e3o; Alexandre e Anna Carolina cumpriram pena em Trememb\u00e9"},"content":{"rendered":"<p class=\"wp-block-paragraph\">Alexandre Nardoni e Anna Carolina Jatob\u00e1, condenados pela morte de Isabella Nardoni, podem voltar a cumprir pena em regime fechado. O <strong>Superior Tribunal de Justi\u00e7a (STJ)<\/strong> come\u00e7ou nesta quinta-feira (27) a analisar um recurso que questiona as condi\u00e7\u00f5es impostas ao casal ap\u00f3s a progress\u00e3o para o regime aberto.<\/p><p class=\"wp-block-paragraph\">O julgamento acontece em sess\u00e3o virtual da Quinta Turma do STJ e est\u00e1 previsto para terminar em <strong>2 de setembro<\/strong>. O caso \u00e9 relatado pelo ministro Ribeiro Dantas. O recurso foi apresentado por uma associa\u00e7\u00e3o civil, que questiona o cumprimento das regras estabelecidas pela Justi\u00e7a para que os dois permanecessem em liberdade.<\/p><h3 class=\"wp-block-heading\">Casal foi condenado pela morte de Isabella<\/h3><p class=\"wp-block-paragraph\">Alexandre Nardoni e Anna Carolina Jatob\u00e1 foram condenados em 2010 pela morte de <strong>Isabella Nardoni<\/strong>, filha de Alexandre, que tinha cinco anos quando morreu, em mar\u00e7o de 2008.<\/p><p class=\"wp-block-paragraph\">A menina foi encontrada ap\u00f3s cair da janela do sexto andar do edif\u00edcio onde o pai morava com Anna Carolina, na Zona Norte de S\u00e3o Paulo. A investiga\u00e7\u00e3o apontou que Isabella havia sido agredida antes de ser lan\u00e7ada pela janela.<\/p><p class=\"wp-block-paragraph\">O casal sempre negou ter cometido o crime, mas acabou condenado pelo Tribunal do J\u00fari.<\/p><h3 class=\"wp-block-heading\">Passagem pelo pres\u00eddio de Trememb\u00e9<\/h3><p class=\"wp-block-paragraph\">Ap\u00f3s a condena\u00e7\u00e3o, Alexandre Nardoni e Anna Carolina Jatob\u00e1 passaram pelo sistema prisional paulista e cumpriram parte das penas em <strong>Trememb\u00e9<\/strong>, munic\u00edpio do Vale do Para\u00edba conhecido por receber presos envolvidos em crimes de grande repercuss\u00e3o nacional.<\/p><p class=\"wp-block-paragraph\">Alexandre ficou na <strong>Penitenci\u00e1ria II de Trememb\u00e9<\/strong>, enquanto Anna Carolina cumpriu pena na unidade feminina do complexo. A cidade ganhou a fama de abrigar presos considerados de grande notoriedade, embora o tratamento penitenci\u00e1rio siga as regras do sistema prisional.<\/p><p class=\"wp-block-paragraph\">Com o passar dos anos, os dois obtiveram progress\u00f5es de regime e deixaram o sistema prisional.<\/p><h3 class=\"wp-block-heading\">O que est\u00e1 sendo discutido agora?<\/h3><p class=\"wp-block-paragraph\">O recurso que chegou ao STJ <strong>n\u00e3o representa uma nova discuss\u00e3o sobre a condena\u00e7\u00e3o pela morte de Isabella<\/strong>. O que est\u00e1 em an\u00e1lise \u00e9 a possibilidade de o casal voltar ao regime fechado em raz\u00e3o de questionamentos relacionados ao cumprimento das condi\u00e7\u00f5es estabelecidas ap\u00f3s a progress\u00e3o.<\/p><p class=\"wp-block-paragraph\">Caso o STJ acolha o pedido, a situa\u00e7\u00e3o de Alexandre e Anna Carolina poder\u00e1 ser novamente modificada pela Justi\u00e7a da execu\u00e7\u00e3o penal.<\/p><p class=\"wp-block-paragraph\">Por enquanto, <strong>n\u00e3o h\u00e1 uma decis\u00e3o determinando o retorno imediato do casal \u00e0 pris\u00e3o<\/strong>. O julgamento ainda est\u00e1 em andamento e pode terminar somente ap\u00f3s a an\u00e1lise dos votos dos ministros.<\/p><p class=\"wp-block-paragraph\">O caso volta a colocar <strong>Trememb\u00e9 no centro das aten\u00e7\u00f5es nacionais<\/strong>, quase duas d\u00e9cadas depois de o munic\u00edpio receber um dos casais mais conhecidos do sistema penitenci\u00e1rio paulista.<\/p>","protected":false},"excerpt":{"rendered":"<p>Alexandre Nardoni e Anna Carolina Jatob\u00e1, condenados pela morte de Isabella Nardoni, podem voltar a cumprir pena em regime fechado. O Superior Tribunal de Justi\u00e7a (STJ) come\u00e7ou nesta quinta-feira (27) a analisar um recurso que questiona as condi\u00e7\u00f5es impostas ao casal ap\u00f3s a progress\u00e3o para o regime aberto. O julgamento acontece em sess\u00e3o virtual da [&hellip;]<\/p>\n","protected":false},"author":1,"featured_media":6958,"comment_status":"open","ping_status":"closed","sticky":false,"template":"","format":"standard","meta":{"site-sidebar-layout":"default","site-content-layout":"","ast-site-content-layout":"default","site-content-style":"default","site-sidebar-style":"default","ast-global-header-display":"","ast-banner-title-visibility":"","ast-main-header-display":"","ast-hfb-above-header-display":"","ast-hfb-below-header-display":"","ast-hfb-mobile-header-display":"","site-post-title":"","ast-breadcrumbs-content":"","ast-featured-img":"","footer-sml-layout":"","theme-transparent-header-meta":"","adv-header-id-meta":"","stick-header-meta":"","header-above-stick-meta":"","header-main-stick-meta":"","header-below-stick-meta":"","astra-migrate-meta-layouts":"set","ast-page-background-enabled":"default","ast-page-background-meta":{"desktop":{"background-color":"var(--ast-global-color-4)","background-image":"","background-repeat":"repeat","background-position":"center center","background-size":"auto","background-attachment":"scroll","background-type":"","background-media":"","overlay-type":"","overlay-color":"","overlay-opacity":"","overlay-gradient":""},"tablet":{"background-color":"","background-image":"","background-repeat":"repeat","background-position":"center center","background-size":"auto","background-attachment":"scroll","background-type":"","background-media":"","overlay-type":"","overlay-color":"","overlay-opacity":"","overlay-gradient":""},"mobile":{"background-color":"","background-image":"","background-repeat":"repeat","background-position":"center center","background-size":"auto","background-attachment":"scroll","background-type":"","background-media":"","overlay-type":"","overlay-color":"","overlay-opacity":"","overlay-gradient":""}},"ast-content-background-meta":{"desktop":{"background-color":"var(--ast-global-color-5)","background-image":"","background-repeat":"repeat","background-position":"center center","background-size":"auto","background-attachment":"scroll","background-type":"","background-media":"","overlay-type":"","overlay-color":"","overlay-opacity":"","overlay-gradient":""},"tablet":{"background-color":"var(--ast-global-color-5)","background-image":"","background-repeat":"repeat","background-position":"center center","background-size":"auto","background-attachment":"scroll","background-type":"","background-media":"","overlay-type":"","overlay-color":"","overlay-opacity":"","overlay-gradient":""},"mobile":{"background-color":"var(--ast-global-color-5)","background-image":"","background-repeat":"repeat","background-position":"center center","background-size":"auto","background-attachment":"scroll","background-type":"","background-media":"","overlay-type":"","overlay-color":"","overlay-opacity":"","overlay-gradient":""}},"footnotes":""},"categories":[1],"tags":[],"class_list":["post-6957","post","type-post","status-publish","format-standard","has-post-thumbnail","hentry","category-sem-categoria"],"_links":{"self":[{"href":"https:\/\/thebasnoticias.com.br\/index.php?rest_route=\/wp\/v2\/posts\/6957","targetHints":{"allow":["GET"]}}],"collection":[{"href":"https:\/\/thebasnoticias.com.br\/index.php?rest_route=\/wp\/v2\/posts"}],"about":[{"href":"https:\/\/thebasnoticias.com.br\/index.php?rest_route=\/wp\/v2\/types\/post"}],"author":[{"embeddable":true,"href":"https:\/\/thebasnoticias.com.br\/index.php?rest_route=\/wp\/v2\/users\/1"}],"replies":[{"embeddable":true,"href":"https:\/\/thebasnoticias.com.br\/index.php?rest_route=%2Fwp%2Fv2%2Fcomments&post=6957"}],"version-history":[{"count":1,"href":"https:\/\/thebasnoticias.com.br\/index.php?rest_route=\/wp\/v2\/posts\/6957\/revisions"}],"predecessor-version":[{"id":6959,"href":"https:\/\/thebasnoticias.com.br\/index.php?rest_route=\/wp\/v2\/posts\/6957\/revisions\/6959"}],"wp:featuredmedia":[{"embeddable":true,"href":"https:\/\/thebasnoticias.com.br\/index.php?rest_route=\/wp\/v2\/media\/6958"}],"wp:attachment":[{"href":"https:\/\/thebasnoticias.com.br\/index.php?rest_route=%2Fwp%2Fv2%2Fmedia&parent=6957"}],"wp:term":[{"taxonomy":"category","embeddable":true,"href":"https:\/\/thebasnoticias.com.br\/index.php?rest_route=%2Fwp%2Fv2%2Fcategories&post=6957"},{"taxonomy":"post_tag","embeddable":true,"href":"https:\/\/thebasnoticias.com.br\/index.php?rest_route=%2Fwp%2Fv2%2Ftags&post=6957"}],"curies":[{"name":"wp","href":"https:\/\/api.w.org\/{rel}","templated":true}]}}