{"id":6960,"date":"2026-08-27T08:12:11","date_gmt":"2026-08-27T11:12:11","guid":{"rendered":"https:\/\/thebasnoticias.com.br\/?p=6960"},"modified":"2026-08-31T08:13:35","modified_gmt":"2026-08-31T11:13:35","slug":"vale-do-paraiba-entra-em-estado-de-alerta-para-risco-de-incendios-por-causa-do-calor-e-baixa-umidade","status":"publish","type":"post","link":"https:\/\/thebasnoticias.com.br\/?p=6960","title":{"rendered":"Vale do Para\u00edba entra em estado de alerta para risco de inc\u00eandios por causa do calor e baixa umidade"},"content":{"rendered":"<p class=\"wp-block-paragraph\">O <strong>Vale do Para\u00edba entrou em estado de alerta para o risco de inc\u00eandios<\/strong> devido \u00e0 combina\u00e7\u00e3o de temperaturas elevadas, tempo seco e baixos \u00edndices de umidade relativa do ar. O alerta foi emitido pela Defesa Civil nesta quinta-feira (27).<\/p><p class=\"wp-block-paragraph\">A previs\u00e3o indica a continuidade do <strong>calor acima da m\u00e9dia para esta \u00e9poca do ano<\/strong>, enquanto a umidade do ar deve permanecer baixa em diferentes pontos da regi\u00e3o. A combina\u00e7\u00e3o das condi\u00e7\u00f5es meteorol\u00f3gicas aumenta significativamente a possibilidade de ocorr\u00eancia e r\u00e1pida propaga\u00e7\u00e3o de queimadas.<\/p><h3 class=\"wp-block-heading\">Risco de inc\u00eandios aumenta com tempo seco<\/h3><p class=\"wp-block-paragraph\">Com a vegeta\u00e7\u00e3o ressecada, pequenos focos de fogo podem se espalhar rapidamente, principalmente em \u00e1reas de mata, terrenos baldios e regi\u00f5es pr\u00f3ximas a rodovias.<\/p><p class=\"wp-block-paragraph\">A Defesa Civil recomenda que a popula\u00e7\u00e3o <strong>n\u00e3o fa\u00e7a queimadas<\/strong>, n\u00e3o jogue cigarros ou materiais em combust\u00e3o \u00e0s margens das estradas e evite qualquer pr\u00e1tica que possa provocar inc\u00eandios.<\/p><p class=\"wp-block-paragraph\">O per\u00edodo tamb\u00e9m exige aten\u00e7\u00e3o especial dos motoristas que trafegam pelas rodovias do Vale, j\u00e1 que inc\u00eandios pr\u00f3ximos \u00e0s pistas podem provocar <strong>fuma\u00e7a, redu\u00e7\u00e3o da visibilidade e acidentes<\/strong>.<\/p><h3 class=\"wp-block-heading\">Baixa umidade exige cuidados<\/h3><p class=\"wp-block-paragraph\">Al\u00e9m do risco de queimadas, o tempo seco pode causar desconforto e problemas \u00e0 sa\u00fade, principalmente entre crian\u00e7as, idosos e pessoas com doen\u00e7as respirat\u00f3rias.<\/p><p class=\"wp-block-paragraph\">A recomenda\u00e7\u00e3o \u00e9 <strong>aumentar a ingest\u00e3o de \u00e1gua<\/strong>, evitar atividades f\u00edsicas ao ar livre nos hor\u00e1rios mais quentes e manter os ambientes ventilados.<\/p><p class=\"wp-block-paragraph\">Em per\u00edodos de umidade muito baixa, tamb\u00e9m \u00e9 aconselh\u00e1vel evitar a exposi\u00e7\u00e3o prolongada ao sol e utilizar formas de umidificar os ambientes, especialmente durante os hor\u00e1rios de maior ressecamento do ar.<\/p><h3 class=\"wp-block-heading\">Aten\u00e7\u00e3o deve continuar nos pr\u00f3ximos dias<\/h3><p class=\"wp-block-paragraph\">O alerta refor\u00e7a uma sequ\u00eancia de epis\u00f3dios de <strong>tempo seco e risco elevado de inc\u00eandios registrados no Vale do Para\u00edba ao longo de agosto<\/strong>.<\/p><p class=\"wp-block-paragraph\">A popula\u00e7\u00e3o deve acompanhar os comunicados da Defesa Civil e, ao identificar um inc\u00eandio, <strong>n\u00e3o tentar combater as chamas por conta pr\u00f3pria<\/strong>. O mais seguro \u00e9 deixar a \u00e1rea e acionar imediatamente os servi\u00e7os de emerg\u00eancia.<\/p><p class=\"wp-block-paragraph\">A combina\u00e7\u00e3o de calor, vegeta\u00e7\u00e3o seca e baixa umidade mant\u00e9m a regi\u00e3o em situa\u00e7\u00e3o de aten\u00e7\u00e3o e exige cuidados redobrados para evitar que queimadas de pequenas propor\u00e7\u00f5es se transformem em inc\u00eandios de grandes propor\u00e7\u00f5es.<\/p>","protected":false},"excerpt":{"rendered":"<p>O Vale do Para\u00edba entrou em estado de alerta para o risco de inc\u00eandios devido \u00e0 combina\u00e7\u00e3o de temperaturas elevadas, tempo seco e baixos \u00edndices de umidade relativa do ar. O alerta foi emitido pela Defesa Civil nesta quinta-feira (27). A previs\u00e3o indica a continuidade do calor acima da m\u00e9dia para esta \u00e9poca do ano, [&hellip;]<\/p>\n","protected":false},"author":1,"featured_media":6961,"comment_status":"open","ping_status":"closed","sticky":false,"template":"","format":"standard","meta":{"site-sidebar-layout":"default","site-content-layout":"","ast-site-content-layout":"default","site-content-style":"default","site-sidebar-style":"default","ast-global-header-display":"","ast-banner-title-visibility":"","ast-main-header-display":"","ast-hfb-above-header-display":"","ast-hfb-below-header-display":"","ast-hfb-mobile-header-display":"","site-post-title":"","ast-breadcrumbs-content":"","ast-featured-img":"","footer-sml-layout":"","theme-transparent-header-meta":"","adv-header-id-meta":"","stick-header-meta":"","header-above-stick-meta":"","header-main-stick-meta":"","header-below-stick-meta":"","astra-migrate-meta-layouts":"set","ast-page-background-enabled":"default","ast-page-background-meta":{"desktop":{"background-color":"var(--ast-global-color-4)","background-image":"","background-repeat":"repeat","background-position":"center center","background-size":"auto","background-attachment":"scroll","background-type":"","background-media":"","overlay-type":"","overlay-color":"","overlay-opacity":"","overlay-gradient":""},"tablet":{"background-color":"","background-image":"","background-repeat":"repeat","background-position":"center center","background-size":"auto","background-attachment":"scroll","background-type":"","background-media":"","overlay-type":"","overlay-color":"","overlay-opacity":"","overlay-gradient":""},"mobile":{"background-color":"","background-image":"","background-repeat":"repeat","background-position":"center center","background-size":"auto","background-attachment":"scroll","background-type":"","background-media":"","overlay-type":"","overlay-color":"","overlay-opacity":"","overlay-gradient":""}},"ast-content-background-meta":{"desktop":{"background-color":"var(--ast-global-color-5)","background-image":"","background-repeat":"repeat","background-position":"center center","background-size":"auto","background-attachment":"scroll","background-type":"","background-media":"","overlay-type":"","overlay-color":"","overlay-opacity":"","overlay-gradient":""},"tablet":{"background-color":"var(--ast-global-color-5)","background-image":"","background-repeat":"repeat","background-position":"center center","background-size":"auto","background-attachment":"scroll","background-type":"","background-media":"","overlay-type":"","overlay-color":"","overlay-opacity":"","overlay-gradient":""},"mobile":{"background-color":"var(--ast-global-color-5)","background-image":"","background-repeat":"repeat","background-position":"center center","background-size":"auto","background-attachment":"scroll","background-type":"","background-media":"","overlay-type":"","overlay-color":"","overlay-opacity":"","overlay-gradient":""}},"footnotes":""},"categories":[1],"tags":[],"class_list":["post-6960","post","type-post","status-publish","format-standard","has-post-thumbnail","hentry","category-sem-categoria"],"_links":{"self":[{"href":"https:\/\/thebasnoticias.com.br\/index.php?rest_route=\/wp\/v2\/posts\/6960","targetHints":{"allow":["GET"]}}],"collection":[{"href":"https:\/\/thebasnoticias.com.br\/index.php?rest_route=\/wp\/v2\/posts"}],"about":[{"href":"https:\/\/thebasnoticias.com.br\/index.php?rest_route=\/wp\/v2\/types\/post"}],"author":[{"embeddable":true,"href":"https:\/\/thebasnoticias.com.br\/index.php?rest_route=\/wp\/v2\/users\/1"}],"replies":[{"embeddable":true,"href":"https:\/\/thebasnoticias.com.br\/index.php?rest_route=%2Fwp%2Fv2%2Fcomments&post=6960"}],"version-history":[{"count":1,"href":"https:\/\/thebasnoticias.com.br\/index.php?rest_route=\/wp\/v2\/posts\/6960\/revisions"}],"predecessor-version":[{"id":6962,"href":"https:\/\/thebasnoticias.com.br\/index.php?rest_route=\/wp\/v2\/posts\/6960\/revisions\/6962"}],"wp:featuredmedia":[{"embeddable":true,"href":"https:\/\/thebasnoticias.com.br\/index.php?rest_route=\/wp\/v2\/media\/6961"}],"wp:attachment":[{"href":"https:\/\/thebasnoticias.com.br\/index.php?rest_route=%2Fwp%2Fv2%2Fmedia&parent=6960"}],"wp:term":[{"taxonomy":"category","embeddable":true,"href":"https:\/\/thebasnoticias.com.br\/index.php?rest_route=%2Fwp%2Fv2%2Fcategories&post=6960"},{"taxonomy":"post_tag","embeddable":true,"href":"https:\/\/thebasnoticias.com.br\/index.php?rest_route=%2Fwp%2Fv2%2Ftags&post=6960"}],"curies":[{"name":"wp","href":"https:\/\/api.w.org\/{rel}","templated":true}]}}