{"id":6966,"date":"2026-08-27T08:15:41","date_gmt":"2026-08-27T11:15:41","guid":{"rendered":"https:\/\/thebasnoticias.com.br\/?p=6966"},"modified":"2026-08-31T08:16:53","modified_gmt":"2026-08-31T11:16:53","slug":"calor-volta-a-ganhar-forca-no-vale-do-paraiba-em-meio-a-gangorra-termica-veja-a-previsao","status":"publish","type":"post","link":"https:\/\/thebasnoticias.com.br\/?p=6966","title":{"rendered":"Calor volta a ganhar for\u00e7a no Vale do Para\u00edba em meio \u00e0 \u201cgangorra t\u00e9rmica\u201d; veja a previs\u00e3o"},"content":{"rendered":"<p class=\"wp-block-paragraph\">Depois de alguns dias de temperaturas mais baixas, o calor volta a ganhar for\u00e7a nesta sexta-feira (28) no <strong>Vale do Para\u00edba, Litoral Norte e Serra da Mantiqueira<\/strong>. A mudan\u00e7a acontece com o avan\u00e7o de uma massa de ar quente sobre o estado de S\u00e3o Paulo, provocando eleva\u00e7\u00e3o gradual dos term\u00f4metros.<\/p><p class=\"wp-block-paragraph\">A sequ\u00eancia de mudan\u00e7as bruscas entre per\u00edodos frios e quentes \u00e9 conhecida como <strong>\u201cgangorra t\u00e9rmica\u201d<\/strong>. Segundo a Defesa Civil de S\u00e3o Paulo, o fen\u00f4meno est\u00e1 relacionado principalmente \u00e0 passagem de frentes frias, que derrubam as temperaturas, seguida pela chegada de massas de ar quente.<\/p><p class=\"wp-block-paragraph\">De acordo com a previs\u00e3o, o calor deve aumentar ao longo do fim de semana e permanecer forte at\u00e9 o in\u00edcio da pr\u00f3xima semana. Em algumas cidades do Vale, as temperaturas podem chegar a <strong>34\u00b0C<\/strong>.<\/p><h3 class=\"wp-block-heading\">Previs\u00e3o para esta sexta-feira<\/h3><p class=\"wp-block-paragraph\">Nesta sexta, a previs\u00e3o \u00e9 de tempo predominantemente firme, com presen\u00e7a de sol e poucas nuvens em grande parte da regi\u00e3o.<\/p><ul class=\"wp-block-list\"><li><strong>S\u00e3o Jos\u00e9 dos Campos:<\/strong> entre 18\u00b0C e 26\u00b0C;<\/li>\n\n<li><strong>Taubat\u00e9:<\/strong> entre 18\u00b0C e 26\u00b0C;<\/li>\n\n<li><strong>Cachoeira Paulista:<\/strong> entre 17\u00b0C e 24\u00b0C;<\/li>\n\n<li><strong>Atibaia:<\/strong> entre 17\u00b0C e 28\u00b0C;<\/li>\n\n<li><strong>S\u00e3o Sebasti\u00e3o:<\/strong> entre 20\u00b0C e 26\u00b0C;<\/li>\n\n<li><strong>Aparecida:<\/strong> entre 17\u00b0C e 25\u00b0C;<\/li>\n\n<li><strong>Caraguatatuba:<\/strong> entre 19\u00b0C e 25\u00b0C;<\/li>\n\n<li><strong>Campos do Jord\u00e3o:<\/strong> entre 11\u00b0C e 19\u00b0C.<\/li><\/ul><p class=\"wp-block-paragraph\">A tend\u00eancia \u00e9 de temperaturas ainda mais elevadas durante o fim de semana. Entre sexta-feira e segunda-feira (31), o tempo deve permanecer ensolarado e quente em boa parte do Vale, do Litoral Norte e da Serra da Mantiqueira.<\/p><h3 class=\"wp-block-heading\">Nova frente fria deve mudar o tempo<\/h3><p class=\"wp-block-paragraph\">O calor, por\u00e9m, n\u00e3o deve durar muito. Uma <strong>nova frente fria est\u00e1 prevista para chegar \u00e0 regi\u00e3o a partir de ter\u00e7a-feira (1\u00ba)<\/strong>, provocando uma mudan\u00e7a significativa nas condi\u00e7\u00f5es meteorol\u00f3gicas.<\/p><p class=\"wp-block-paragraph\">A previs\u00e3o indica possibilidade de chuvas mais volumosas, principalmente no Litoral Norte e na Serra da Mantiqueira, acompanhadas por uma queda acentuada nas temperaturas. Na quarta-feira (2), as m\u00e1ximas podem ficar abaixo de <strong>20\u00b0C no Vale do Para\u00edba<\/strong> e n\u00e3o passar de <strong>13\u00b0C na Serra da Mantiqueira<\/strong>.<\/p><h3 class=\"wp-block-heading\">Defesa Civil orienta popula\u00e7\u00e3o<\/h3><p class=\"wp-block-paragraph\">A altern\u00e2ncia r\u00e1pida entre frio e calor exige aten\u00e7\u00e3o, principalmente de <strong>crian\u00e7as e idosos<\/strong>, que s\u00e3o mais vulner\u00e1veis \u00e0s mudan\u00e7as de temperatura.<\/p><p class=\"wp-block-paragraph\">Nos per\u00edodos mais quentes, a recomenda\u00e7\u00e3o \u00e9 aumentar a ingest\u00e3o de \u00e1gua e evitar exposi\u00e7\u00e3o direta ao sol entre <strong>10h e 16h<\/strong>. J\u00e1 durante as quedas de temperatura, a orienta\u00e7\u00e3o \u00e9 manter-se devidamente agasalhado.<\/p><p class=\"wp-block-paragraph\">A popula\u00e7\u00e3o tamb\u00e9m deve ficar atenta \u00e0s condi\u00e7\u00f5es do tempo, j\u00e1 que a previs\u00e3o aponta para uma sequ\u00eancia de mudan\u00e7as significativas entre o fim de agosto e o come\u00e7o de setembro.<\/p>","protected":false},"excerpt":{"rendered":"<p>Depois de alguns dias de temperaturas mais baixas, o calor volta a ganhar for\u00e7a nesta sexta-feira (28) no Vale do Para\u00edba, Litoral Norte e Serra da Mantiqueira. A mudan\u00e7a acontece com o avan\u00e7o de uma massa de ar quente sobre o estado de S\u00e3o Paulo, provocando eleva\u00e7\u00e3o gradual dos term\u00f4metros. A sequ\u00eancia de mudan\u00e7as bruscas [&hellip;]<\/p>\n","protected":false},"author":1,"featured_media":6967,"comment_status":"open","ping_status":"closed","sticky":false,"template":"","format":"standard","meta":{"site-sidebar-layout":"default","site-content-layout":"","ast-site-content-layout":"default","site-content-style":"default","site-sidebar-style":"default","ast-global-header-display":"","ast-banner-title-visibility":"","ast-main-header-display":"","ast-hfb-above-header-display":"","ast-hfb-below-header-display":"","ast-hfb-mobile-header-display":"","site-post-title":"","ast-breadcrumbs-content":"","ast-featured-img":"","footer-sml-layout":"","theme-transparent-header-meta":"","adv-header-id-meta":"","stick-header-meta":"","header-above-stick-meta":"","header-main-stick-meta":"","header-below-stick-meta":"","astra-migrate-meta-layouts":"set","ast-page-background-enabled":"default","ast-page-background-meta":{"desktop":{"background-color":"var(--ast-global-color-4)","background-image":"","background-repeat":"repeat","background-position":"center center","background-size":"auto","background-attachment":"scroll","background-type":"","background-media":"","overlay-type":"","overlay-color":"","overlay-opacity":"","overlay-gradient":""},"tablet":{"background-color":"","background-image":"","background-repeat":"repeat","background-position":"center center","background-size":"auto","background-attachment":"scroll","background-type":"","background-media":"","overlay-type":"","overlay-color":"","overlay-opacity":"","overlay-gradient":""},"mobile":{"background-color":"","background-image":"","background-repeat":"repeat","background-position":"center center","background-size":"auto","background-attachment":"scroll","background-type":"","background-media":"","overlay-type":"","overlay-color":"","overlay-opacity":"","overlay-gradient":""}},"ast-content-background-meta":{"desktop":{"background-color":"var(--ast-global-color-5)","background-image":"","background-repeat":"repeat","background-position":"center center","background-size":"auto","background-attachment":"scroll","background-type":"","background-media":"","overlay-type":"","overlay-color":"","overlay-opacity":"","overlay-gradient":""},"tablet":{"background-color":"var(--ast-global-color-5)","background-image":"","background-repeat":"repeat","background-position":"center center","background-size":"auto","background-attachment":"scroll","background-type":"","background-media":"","overlay-type":"","overlay-color":"","overlay-opacity":"","overlay-gradient":""},"mobile":{"background-color":"var(--ast-global-color-5)","background-image":"","background-repeat":"repeat","background-position":"center center","background-size":"auto","background-attachment":"scroll","background-type":"","background-media":"","overlay-type":"","overlay-color":"","overlay-opacity":"","overlay-gradient":""}},"footnotes":""},"categories":[1],"tags":[],"class_list":["post-6966","post","type-post","status-publish","format-standard","has-post-thumbnail","hentry","category-sem-categoria"],"_links":{"self":[{"href":"https:\/\/thebasnoticias.com.br\/index.php?rest_route=\/wp\/v2\/posts\/6966","targetHints":{"allow":["GET"]}}],"collection":[{"href":"https:\/\/thebasnoticias.com.br\/index.php?rest_route=\/wp\/v2\/posts"}],"about":[{"href":"https:\/\/thebasnoticias.com.br\/index.php?rest_route=\/wp\/v2\/types\/post"}],"author":[{"embeddable":true,"href":"https:\/\/thebasnoticias.com.br\/index.php?rest_route=\/wp\/v2\/users\/1"}],"replies":[{"embeddable":true,"href":"https:\/\/thebasnoticias.com.br\/index.php?rest_route=%2Fwp%2Fv2%2Fcomments&post=6966"}],"version-history":[{"count":1,"href":"https:\/\/thebasnoticias.com.br\/index.php?rest_route=\/wp\/v2\/posts\/6966\/revisions"}],"predecessor-version":[{"id":6968,"href":"https:\/\/thebasnoticias.com.br\/index.php?rest_route=\/wp\/v2\/posts\/6966\/revisions\/6968"}],"wp:featuredmedia":[{"embeddable":true,"href":"https:\/\/thebasnoticias.com.br\/index.php?rest_route=\/wp\/v2\/media\/6967"}],"wp:attachment":[{"href":"https:\/\/thebasnoticias.com.br\/index.php?rest_route=%2Fwp%2Fv2%2Fmedia&parent=6966"}],"wp:term":[{"taxonomy":"category","embeddable":true,"href":"https:\/\/thebasnoticias.com.br\/index.php?rest_route=%2Fwp%2Fv2%2Fcategories&post=6966"},{"taxonomy":"post_tag","embeddable":true,"href":"https:\/\/thebasnoticias.com.br\/index.php?rest_route=%2Fwp%2Fv2%2Ftags&post=6966"}],"curies":[{"name":"wp","href":"https:\/\/api.w.org\/{rel}","templated":true}]}}