{"id":6969,"date":"2026-08-27T08:16:57","date_gmt":"2026-08-27T11:16:57","guid":{"rendered":"https:\/\/thebasnoticias.com.br\/?p=6969"},"modified":"2026-08-31T08:18:33","modified_gmt":"2026-08-31T11:18:33","slug":"eclipse-lunar-e-observado-em-cidades-do-vale-do-paraiba-e-regiao","status":"publish","type":"post","link":"https:\/\/thebasnoticias.com.br\/?p=6969","title":{"rendered":"Eclipse lunar \u00e9 observado em cidades do Vale do Para\u00edba e regi\u00e3o"},"content":{"rendered":"<p class=\"wp-block-paragraph\">O c\u00e9u do <strong>Vale do Para\u00edba e de outras cidades da regi\u00e3o<\/strong> ganhou um espet\u00e1culo diferente nesta sexta-feira (28), com a observa\u00e7\u00e3o de um <strong>eclipse lunar<\/strong>.<\/p><p class=\"wp-block-paragraph\">O fen\u00f4meno chamou a aten\u00e7\u00e3o de moradores que acompanharam a mudan\u00e7a na apar\u00eancia da Lua durante a passagem pela sombra projetada pela Terra.<\/p><p class=\"wp-block-paragraph\">Durante um eclipse lunar, a Terra fica posicionada entre o Sol e a Lua. Com isso, a luz solar que normalmente ilumina a superf\u00edcie lunar \u00e9 parcialmente ou totalmente bloqueada pela sombra do nosso planeta.<\/p><h3 class=\"wp-block-heading\">Fen\u00f4meno pode ser observado sem equipamentos especiais<\/h3><p class=\"wp-block-paragraph\">Diferentemente dos eclipses solares, o eclipse lunar pode ser observado <strong>diretamente a olho nu<\/strong>, sem a necessidade de equipamentos ou filtros especiais.<\/p><p class=\"wp-block-paragraph\">Bin\u00f3culos e telesc\u00f3pios, entretanto, podem proporcionar uma vis\u00e3o mais detalhada da superf\u00edcie da Lua e das mudan\u00e7as provocadas pelo avan\u00e7o da sombra terrestre.<\/p><p class=\"wp-block-paragraph\">O fen\u00f4meno tamb\u00e9m costuma render registros fotogr\u00e1ficos impressionantes, principalmente em locais com <strong>c\u00e9u aberto e pouca ilumina\u00e7\u00e3o artificial<\/strong>.<\/p><h3 class=\"wp-block-heading\">Lua muda de apar\u00eancia durante o eclipse<\/h3><p class=\"wp-block-paragraph\">Ao longo do fen\u00f4meno, a Lua passa por diferentes etapas conforme entra e sai da regi\u00e3o de sombra da Terra.<\/p><p class=\"wp-block-paragraph\">Dependendo da fase observada, \u00e9 poss\u00edvel perceber uma redu\u00e7\u00e3o gradual do brilho e uma mudan\u00e7a na colora\u00e7\u00e3o e no contraste do disco lunar.<\/p><p class=\"wp-block-paragraph\">O espet\u00e1culo foi registrado por moradores de diferentes cidades do <strong>Vale do Para\u00edba, Serra da Mantiqueira e Litoral Norte<\/strong>, que compartilharam imagens do c\u00e9u durante o evento.<\/p><p class=\"wp-block-paragraph\">A observa\u00e7\u00e3o de fen\u00f4menos astron\u00f4micos como eclipses tamb\u00e9m desperta o interesse de pesquisadores e do p\u00fablico em geral, j\u00e1 que permite acompanhar a movimenta\u00e7\u00e3o dos astros e compreender, na pr\u00e1tica, a rela\u00e7\u00e3o entre <strong>Sol, Terra e Lua<\/strong>.<\/p>","protected":false},"excerpt":{"rendered":"<p>O c\u00e9u do Vale do Para\u00edba e de outras cidades da regi\u00e3o ganhou um espet\u00e1culo diferente nesta sexta-feira (28), com a observa\u00e7\u00e3o de um eclipse lunar. O fen\u00f4meno chamou a aten\u00e7\u00e3o de moradores que acompanharam a mudan\u00e7a na apar\u00eancia da Lua durante a passagem pela sombra projetada pela Terra. Durante um eclipse lunar, a Terra [&hellip;]<\/p>\n","protected":false},"author":1,"featured_media":6970,"comment_status":"open","ping_status":"closed","sticky":false,"template":"","format":"standard","meta":{"site-sidebar-layout":"default","site-content-layout":"","ast-site-content-layout":"default","site-content-style":"default","site-sidebar-style":"default","ast-global-header-display":"","ast-banner-title-visibility":"","ast-main-header-display":"","ast-hfb-above-header-display":"","ast-hfb-below-header-display":"","ast-hfb-mobile-header-display":"","site-post-title":"","ast-breadcrumbs-content":"","ast-featured-img":"","footer-sml-layout":"","theme-transparent-header-meta":"","adv-header-id-meta":"","stick-header-meta":"","header-above-stick-meta":"","header-main-stick-meta":"","header-below-stick-meta":"","astra-migrate-meta-layouts":"set","ast-page-background-enabled":"default","ast-page-background-meta":{"desktop":{"background-color":"var(--ast-global-color-4)","background-image":"","background-repeat":"repeat","background-position":"center center","background-size":"auto","background-attachment":"scroll","background-type":"","background-media":"","overlay-type":"","overlay-color":"","overlay-opacity":"","overlay-gradient":""},"tablet":{"background-color":"","background-image":"","background-repeat":"repeat","background-position":"center center","background-size":"auto","background-attachment":"scroll","background-type":"","background-media":"","overlay-type":"","overlay-color":"","overlay-opacity":"","overlay-gradient":""},"mobile":{"background-color":"","background-image":"","background-repeat":"repeat","background-position":"center center","background-size":"auto","background-attachment":"scroll","background-type":"","background-media":"","overlay-type":"","overlay-color":"","overlay-opacity":"","overlay-gradient":""}},"ast-content-background-meta":{"desktop":{"background-color":"var(--ast-global-color-5)","background-image":"","background-repeat":"repeat","background-position":"center center","background-size":"auto","background-attachment":"scroll","background-type":"","background-media":"","overlay-type":"","overlay-color":"","overlay-opacity":"","overlay-gradient":""},"tablet":{"background-color":"var(--ast-global-color-5)","background-image":"","background-repeat":"repeat","background-position":"center center","background-size":"auto","background-attachment":"scroll","background-type":"","background-media":"","overlay-type":"","overlay-color":"","overlay-opacity":"","overlay-gradient":""},"mobile":{"background-color":"var(--ast-global-color-5)","background-image":"","background-repeat":"repeat","background-position":"center center","background-size":"auto","background-attachment":"scroll","background-type":"","background-media":"","overlay-type":"","overlay-color":"","overlay-opacity":"","overlay-gradient":""}},"footnotes":""},"categories":[1],"tags":[],"class_list":["post-6969","post","type-post","status-publish","format-standard","has-post-thumbnail","hentry","category-sem-categoria"],"_links":{"self":[{"href":"https:\/\/thebasnoticias.com.br\/index.php?rest_route=\/wp\/v2\/posts\/6969","targetHints":{"allow":["GET"]}}],"collection":[{"href":"https:\/\/thebasnoticias.com.br\/index.php?rest_route=\/wp\/v2\/posts"}],"about":[{"href":"https:\/\/thebasnoticias.com.br\/index.php?rest_route=\/wp\/v2\/types\/post"}],"author":[{"embeddable":true,"href":"https:\/\/thebasnoticias.com.br\/index.php?rest_route=\/wp\/v2\/users\/1"}],"replies":[{"embeddable":true,"href":"https:\/\/thebasnoticias.com.br\/index.php?rest_route=%2Fwp%2Fv2%2Fcomments&post=6969"}],"version-history":[{"count":1,"href":"https:\/\/thebasnoticias.com.br\/index.php?rest_route=\/wp\/v2\/posts\/6969\/revisions"}],"predecessor-version":[{"id":6971,"href":"https:\/\/thebasnoticias.com.br\/index.php?rest_route=\/wp\/v2\/posts\/6969\/revisions\/6971"}],"wp:featuredmedia":[{"embeddable":true,"href":"https:\/\/thebasnoticias.com.br\/index.php?rest_route=\/wp\/v2\/media\/6970"}],"wp:attachment":[{"href":"https:\/\/thebasnoticias.com.br\/index.php?rest_route=%2Fwp%2Fv2%2Fmedia&parent=6969"}],"wp:term":[{"taxonomy":"category","embeddable":true,"href":"https:\/\/thebasnoticias.com.br\/index.php?rest_route=%2Fwp%2Fv2%2Fcategories&post=6969"},{"taxonomy":"post_tag","embeddable":true,"href":"https:\/\/thebasnoticias.com.br\/index.php?rest_route=%2Fwp%2Fv2%2Ftags&post=6969"}],"curies":[{"name":"wp","href":"https:\/\/api.w.org\/{rel}","templated":true}]}}