{"id":6978,"date":"2026-08-28T08:22:24","date_gmt":"2026-08-28T11:22:24","guid":{"rendered":"https:\/\/thebasnoticias.com.br\/?p=6978"},"modified":"2026-08-31T08:23:26","modified_gmt":"2026-08-31T11:23:26","slug":"idoso-de-79-anos-e-morto-a-facadas-dentro-de-casa-durante-roubo-em-cruzeiro","status":"publish","type":"post","link":"https:\/\/thebasnoticias.com.br\/?p=6978","title":{"rendered":"Idoso de 79 anos \u00e9 morto a facadas dentro de casa durante roubo em Cruzeiro"},"content":{"rendered":"<p class=\"wp-block-paragraph\">Um homem de <strong>79 anos foi morto a facadas dentro da pr\u00f3pria casa durante um assalto em Cruzeiro<\/strong>, no interior de S\u00e3o Paulo. O crime aconteceu nesta quinta-feira (27) e \u00e9 investigado pela Pol\u00edcia Civil.<\/p><p class=\"wp-block-paragraph\">De acordo com as informa\u00e7\u00f5es divulgadas sobre o caso, o idoso estava em sua resid\u00eancia quando foi surpreendido durante a a\u00e7\u00e3o criminosa. Ele foi atacado com golpes de faca e n\u00e3o resistiu aos ferimentos.<\/p><p class=\"wp-block-paragraph\">Equipes de emerg\u00eancia foram acionadas, mas a v\u00edtima morreu ainda no local.<\/p><h3 class=\"wp-block-heading\">Pol\u00edcia investiga o crime<\/h3><p class=\"wp-block-paragraph\">A Pol\u00edcia Civil esteve na resid\u00eancia para realizar os primeiros levantamentos e preservar a cena do crime. Peritos tamb\u00e9m foram acionados para buscar evid\u00eancias que possam ajudar a esclarecer a din\u00e2mica do assassinato.<\/p><p class=\"wp-block-paragraph\">A principal linha de investiga\u00e7\u00e3o considera que o homic\u00eddio tenha ocorrido durante um <strong>roubo<\/strong>, mas os investigadores ainda trabalham para identificar o autor ou os autores e esclarecer exatamente como o crime aconteceu.<\/p><p class=\"wp-block-paragraph\">O caso dever\u00e1 ser investigado por meio de imagens de c\u00e2meras de seguran\u00e7a, depoimentos de testemunhas e outros elementos que possam auxiliar na identifica\u00e7\u00e3o dos respons\u00e1veis.<\/p><p class=\"wp-block-paragraph\">At\u00e9 o momento, n\u00e3o h\u00e1 informa\u00e7\u00f5es sobre pris\u00f5es relacionadas ao crime.<\/p><p class=\"wp-block-paragraph\">O corpo do idoso foi encaminhado ao Instituto M\u00e9dico Legal (IML), e a Pol\u00edcia Civil continua realizando dilig\u00eancias para esclarecer o assassinato e localizar os envolvidos.<\/p>","protected":false},"excerpt":{"rendered":"<p>Um homem de 79 anos foi morto a facadas dentro da pr\u00f3pria casa durante um assalto em Cruzeiro, no interior de S\u00e3o Paulo. O crime aconteceu nesta quinta-feira (27) e \u00e9 investigado pela Pol\u00edcia Civil. De acordo com as informa\u00e7\u00f5es divulgadas sobre o caso, o idoso estava em sua resid\u00eancia quando foi surpreendido durante a [&hellip;]<\/p>\n","protected":false},"author":1,"featured_media":6979,"comment_status":"open","ping_status":"closed","sticky":false,"template":"","format":"standard","meta":{"site-sidebar-layout":"default","site-content-layout":"","ast-site-content-layout":"default","site-content-style":"default","site-sidebar-style":"default","ast-global-header-display":"","ast-banner-title-visibility":"","ast-main-header-display":"","ast-hfb-above-header-display":"","ast-hfb-below-header-display":"","ast-hfb-mobile-header-display":"","site-post-title":"","ast-breadcrumbs-content":"","ast-featured-img":"","footer-sml-layout":"","theme-transparent-header-meta":"","adv-header-id-meta":"","stick-header-meta":"","header-above-stick-meta":"","header-main-stick-meta":"","header-below-stick-meta":"","astra-migrate-meta-layouts":"set","ast-page-background-enabled":"default","ast-page-background-meta":{"desktop":{"background-color":"var(--ast-global-color-4)","background-image":"","background-repeat":"repeat","background-position":"center center","background-size":"auto","background-attachment":"scroll","background-type":"","background-media":"","overlay-type":"","overlay-color":"","overlay-opacity":"","overlay-gradient":""},"tablet":{"background-color":"","background-image":"","background-repeat":"repeat","background-position":"center center","background-size":"auto","background-attachment":"scroll","background-type":"","background-media":"","overlay-type":"","overlay-color":"","overlay-opacity":"","overlay-gradient":""},"mobile":{"background-color":"","background-image":"","background-repeat":"repeat","background-position":"center center","background-size":"auto","background-attachment":"scroll","background-type":"","background-media":"","overlay-type":"","overlay-color":"","overlay-opacity":"","overlay-gradient":""}},"ast-content-background-meta":{"desktop":{"background-color":"var(--ast-global-color-5)","background-image":"","background-repeat":"repeat","background-position":"center center","background-size":"auto","background-attachment":"scroll","background-type":"","background-media":"","overlay-type":"","overlay-color":"","overlay-opacity":"","overlay-gradient":""},"tablet":{"background-color":"var(--ast-global-color-5)","background-image":"","background-repeat":"repeat","background-position":"center center","background-size":"auto","background-attachment":"scroll","background-type":"","background-media":"","overlay-type":"","overlay-color":"","overlay-opacity":"","overlay-gradient":""},"mobile":{"background-color":"var(--ast-global-color-5)","background-image":"","background-repeat":"repeat","background-position":"center center","background-size":"auto","background-attachment":"scroll","background-type":"","background-media":"","overlay-type":"","overlay-color":"","overlay-opacity":"","overlay-gradient":""}},"footnotes":""},"categories":[1],"tags":[],"class_list":["post-6978","post","type-post","status-publish","format-standard","has-post-thumbnail","hentry","category-sem-categoria"],"_links":{"self":[{"href":"https:\/\/thebasnoticias.com.br\/index.php?rest_route=\/wp\/v2\/posts\/6978","targetHints":{"allow":["GET"]}}],"collection":[{"href":"https:\/\/thebasnoticias.com.br\/index.php?rest_route=\/wp\/v2\/posts"}],"about":[{"href":"https:\/\/thebasnoticias.com.br\/index.php?rest_route=\/wp\/v2\/types\/post"}],"author":[{"embeddable":true,"href":"https:\/\/thebasnoticias.com.br\/index.php?rest_route=\/wp\/v2\/users\/1"}],"replies":[{"embeddable":true,"href":"https:\/\/thebasnoticias.com.br\/index.php?rest_route=%2Fwp%2Fv2%2Fcomments&post=6978"}],"version-history":[{"count":1,"href":"https:\/\/thebasnoticias.com.br\/index.php?rest_route=\/wp\/v2\/posts\/6978\/revisions"}],"predecessor-version":[{"id":6980,"href":"https:\/\/thebasnoticias.com.br\/index.php?rest_route=\/wp\/v2\/posts\/6978\/revisions\/6980"}],"wp:featuredmedia":[{"embeddable":true,"href":"https:\/\/thebasnoticias.com.br\/index.php?rest_route=\/wp\/v2\/media\/6979"}],"wp:attachment":[{"href":"https:\/\/thebasnoticias.com.br\/index.php?rest_route=%2Fwp%2Fv2%2Fmedia&parent=6978"}],"wp:term":[{"taxonomy":"category","embeddable":true,"href":"https:\/\/thebasnoticias.com.br\/index.php?rest_route=%2Fwp%2Fv2%2Fcategories&post=6978"},{"taxonomy":"post_tag","embeddable":true,"href":"https:\/\/thebasnoticias.com.br\/index.php?rest_route=%2Fwp%2Fv2%2Ftags&post=6978"}],"curies":[{"name":"wp","href":"https:\/\/api.w.org\/{rel}","templated":true}]}}