{"id":6987,"date":"2026-08-29T08:27:12","date_gmt":"2026-08-29T11:27:12","guid":{"rendered":"https:\/\/thebasnoticias.com.br\/?p=6987"},"modified":"2026-08-31T08:28:33","modified_gmt":"2026-08-31T11:28:33","slug":"avibras-avanca-na-certificacao-de-missil-dias-apos-anuncio-de-compra-pelos-irmaos-batista","status":"publish","type":"post","link":"https:\/\/thebasnoticias.com.br\/?p=6987","title":{"rendered":"Avibras avan\u00e7a na certifica\u00e7\u00e3o de m\u00edssil dias ap\u00f3s an\u00fancio de compra pelos irm\u00e3os Batista"},"content":{"rendered":"<p class=\"wp-block-paragraph\">A <strong>Avibras<\/strong>, empresa brasileira do setor de defesa e tecnologia instalada em S\u00e3o Jos\u00e9 dos Campos, avan\u00e7ou em um processo de certifica\u00e7\u00e3o de um de seus principais produtos poucos dias ap\u00f3s o an\u00fancio da negocia\u00e7\u00e3o para aquisi\u00e7\u00e3o da companhia pelo grupo dos irm\u00e3os <strong>Joesley e Wesley Batista<\/strong>.<\/p><p class=\"wp-block-paragraph\">O avan\u00e7o envolve um m\u00edssil produzido pela empresa e ocorre em meio \u00e0 expectativa sobre o futuro da fabricante, que enfrenta uma grave crise financeira e est\u00e1 em processo de recupera\u00e7\u00e3o judicial.<\/p><p class=\"wp-block-paragraph\">A certifica\u00e7\u00e3o \u00e9 considerada uma etapa importante para que o produto possa ser utilizado de acordo com as exig\u00eancias das autoridades respons\u00e1veis e amplia as possibilidades de atua\u00e7\u00e3o da empresa no mercado de defesa.<\/p><h3 class=\"wp-block-heading\">Negocia\u00e7\u00e3o com grupo dos irm\u00e3os Batista<\/h3><p class=\"wp-block-paragraph\">A poss\u00edvel mudan\u00e7a no controle da Avibras foi anunciada em agosto, com a entrada do grupo ligado aos irm\u00e3os Batista no processo de aquisi\u00e7\u00e3o da companhia.<\/p><p class=\"wp-block-paragraph\">O neg\u00f3cio ainda depende da an\u00e1lise e aprova\u00e7\u00e3o do <strong>Conselho Administrativo de Defesa Econ\u00f4mica (Cade)<\/strong>, al\u00e9m de outras etapas previstas no processo de recupera\u00e7\u00e3o judicial da empresa.<\/p><p class=\"wp-block-paragraph\">A Avibras \u00e9 considerada estrat\u00e9gica para o setor de defesa brasileiro por desenvolver sistemas de artilharia, foguetes, m\u00edsseis e outras tecnologias voltadas para aplica\u00e7\u00f5es militares.<\/p><h3 class=\"wp-block-heading\">Empresa enfrenta crise financeira<\/h3><p class=\"wp-block-paragraph\">A fabricante est\u00e1 em recupera\u00e7\u00e3o judicial desde 2022, em meio a dificuldades financeiras que afetaram suas opera\u00e7\u00f5es e provocaram problemas para trabalhadores e fornecedores.<\/p><p class=\"wp-block-paragraph\">Nos \u00faltimos anos, a empresa tamb\u00e9m passou por per\u00edodos de paralisa\u00e7\u00e3o e enfrentou dificuldades para manter sua produ\u00e7\u00e3o.<\/p><p class=\"wp-block-paragraph\">A poss\u00edvel aquisi\u00e7\u00e3o pelo grupo dos irm\u00e3os Batista \u00e9 vista como uma tentativa de viabilizar a continuidade da companhia e preservar sua capacidade industrial e tecnol\u00f3gica.<\/p><h3 class=\"wp-block-heading\">Certifica\u00e7\u00e3o ocorre em momento estrat\u00e9gico<\/h3><p class=\"wp-block-paragraph\">O avan\u00e7o na certifica\u00e7\u00e3o do m\u00edssil acontece justamente quando a empresa passa por uma mudan\u00e7a importante em sua estrutura societ\u00e1ria.<\/p><p class=\"wp-block-paragraph\">O processo refor\u00e7a a relev\u00e2ncia tecnol\u00f3gica da Avibras e o interesse estrat\u00e9gico que seus produtos representam para o mercado de defesa.<\/p><p class=\"wp-block-paragraph\">A empresa possui projetos desenvolvidos ao longo de d\u00e9cadas e mant\u00e9m tecnologias consideradas de import\u00e2ncia para o setor militar brasileiro.<\/p><p class=\"wp-block-paragraph\">Apesar do avan\u00e7o, a negocia\u00e7\u00e3o para mudan\u00e7a de controle ainda n\u00e3o est\u00e1 conclu\u00edda. O processo precisa passar pelas etapas regulat\u00f3rias e judiciais previstas antes que a aquisi\u00e7\u00e3o seja efetivamente concretizada.<\/p>","protected":false},"excerpt":{"rendered":"<p>A Avibras, empresa brasileira do setor de defesa e tecnologia instalada em S\u00e3o Jos\u00e9 dos Campos, avan\u00e7ou em um processo de certifica\u00e7\u00e3o de um de seus principais produtos poucos dias ap\u00f3s o an\u00fancio da negocia\u00e7\u00e3o para aquisi\u00e7\u00e3o da companhia pelo grupo dos irm\u00e3os Joesley e Wesley Batista. O avan\u00e7o envolve um m\u00edssil produzido pela empresa [&hellip;]<\/p>\n","protected":false},"author":1,"featured_media":6988,"comment_status":"open","ping_status":"closed","sticky":false,"template":"","format":"standard","meta":{"site-sidebar-layout":"default","site-content-layout":"","ast-site-content-layout":"default","site-content-style":"default","site-sidebar-style":"default","ast-global-header-display":"","ast-banner-title-visibility":"","ast-main-header-display":"","ast-hfb-above-header-display":"","ast-hfb-below-header-display":"","ast-hfb-mobile-header-display":"","site-post-title":"","ast-breadcrumbs-content":"","ast-featured-img":"","footer-sml-layout":"","theme-transparent-header-meta":"","adv-header-id-meta":"","stick-header-meta":"","header-above-stick-meta":"","header-main-stick-meta":"","header-below-stick-meta":"","astra-migrate-meta-layouts":"set","ast-page-background-enabled":"default","ast-page-background-meta":{"desktop":{"background-color":"var(--ast-global-color-4)","background-image":"","background-repeat":"repeat","background-position":"center center","background-size":"auto","background-attachment":"scroll","background-type":"","background-media":"","overlay-type":"","overlay-color":"","overlay-opacity":"","overlay-gradient":""},"tablet":{"background-color":"","background-image":"","background-repeat":"repeat","background-position":"center center","background-size":"auto","background-attachment":"scroll","background-type":"","background-media":"","overlay-type":"","overlay-color":"","overlay-opacity":"","overlay-gradient":""},"mobile":{"background-color":"","background-image":"","background-repeat":"repeat","background-position":"center center","background-size":"auto","background-attachment":"scroll","background-type":"","background-media":"","overlay-type":"","overlay-color":"","overlay-opacity":"","overlay-gradient":""}},"ast-content-background-meta":{"desktop":{"background-color":"var(--ast-global-color-5)","background-image":"","background-repeat":"repeat","background-position":"center center","background-size":"auto","background-attachment":"scroll","background-type":"","background-media":"","overlay-type":"","overlay-color":"","overlay-opacity":"","overlay-gradient":""},"tablet":{"background-color":"var(--ast-global-color-5)","background-image":"","background-repeat":"repeat","background-position":"center center","background-size":"auto","background-attachment":"scroll","background-type":"","background-media":"","overlay-type":"","overlay-color":"","overlay-opacity":"","overlay-gradient":""},"mobile":{"background-color":"var(--ast-global-color-5)","background-image":"","background-repeat":"repeat","background-position":"center center","background-size":"auto","background-attachment":"scroll","background-type":"","background-media":"","overlay-type":"","overlay-color":"","overlay-opacity":"","overlay-gradient":""}},"footnotes":""},"categories":[1],"tags":[],"class_list":["post-6987","post","type-post","status-publish","format-standard","has-post-thumbnail","hentry","category-sem-categoria"],"_links":{"self":[{"href":"https:\/\/thebasnoticias.com.br\/index.php?rest_route=\/wp\/v2\/posts\/6987","targetHints":{"allow":["GET"]}}],"collection":[{"href":"https:\/\/thebasnoticias.com.br\/index.php?rest_route=\/wp\/v2\/posts"}],"about":[{"href":"https:\/\/thebasnoticias.com.br\/index.php?rest_route=\/wp\/v2\/types\/post"}],"author":[{"embeddable":true,"href":"https:\/\/thebasnoticias.com.br\/index.php?rest_route=\/wp\/v2\/users\/1"}],"replies":[{"embeddable":true,"href":"https:\/\/thebasnoticias.com.br\/index.php?rest_route=%2Fwp%2Fv2%2Fcomments&post=6987"}],"version-history":[{"count":1,"href":"https:\/\/thebasnoticias.com.br\/index.php?rest_route=\/wp\/v2\/posts\/6987\/revisions"}],"predecessor-version":[{"id":6989,"href":"https:\/\/thebasnoticias.com.br\/index.php?rest_route=\/wp\/v2\/posts\/6987\/revisions\/6989"}],"wp:featuredmedia":[{"embeddable":true,"href":"https:\/\/thebasnoticias.com.br\/index.php?rest_route=\/wp\/v2\/media\/6988"}],"wp:attachment":[{"href":"https:\/\/thebasnoticias.com.br\/index.php?rest_route=%2Fwp%2Fv2%2Fmedia&parent=6987"}],"wp:term":[{"taxonomy":"category","embeddable":true,"href":"https:\/\/thebasnoticias.com.br\/index.php?rest_route=%2Fwp%2Fv2%2Fcategories&post=6987"},{"taxonomy":"post_tag","embeddable":true,"href":"https:\/\/thebasnoticias.com.br\/index.php?rest_route=%2Fwp%2Fv2%2Ftags&post=6987"}],"curies":[{"name":"wp","href":"https:\/\/api.w.org\/{rel}","templated":true}]}}