{"id":6996,"date":"2026-08-29T08:31:14","date_gmt":"2026-08-29T11:31:14","guid":{"rendered":"https:\/\/thebasnoticias.com.br\/?p=6996"},"modified":"2026-08-31T08:32:36","modified_gmt":"2026-08-31T11:32:36","slug":"calor-e-tempo-seco-aumentam-risco-de-queimadas-no-vale-do-paraiba","status":"publish","type":"post","link":"https:\/\/thebasnoticias.com.br\/?p=6996","title":{"rendered":"Calor e tempo seco aumentam risco de queimadas no Vale do Para\u00edba"},"content":{"rendered":"<p class=\"wp-block-paragraph\">O <strong>calor e o tempo seco<\/strong> aumentam o risco de queimadas no Vale do Para\u00edba e em cidades da regi\u00e3o neste fim de semana. A Defesa Civil emitiu um alerta para as condi\u00e7\u00f5es favor\u00e1veis \u00e0 ocorr\u00eancia e \u00e0 propaga\u00e7\u00e3o de inc\u00eandios.<\/p><p class=\"wp-block-paragraph\">A combina\u00e7\u00e3o de <strong>temperaturas elevadas, baixa umidade do ar e vegeta\u00e7\u00e3o ressecada<\/strong> deixa \u00e1reas de mata, terrenos e regi\u00f5es pr\u00f3ximas a rodovias mais vulner\u00e1veis ao surgimento de focos de fogo.<\/p><p class=\"wp-block-paragraph\">O cen\u00e1rio preocupa principalmente porque o Vale vem registrando uma sequ\u00eancia de dias quentes e secos durante o fim de agosto.<\/p><h3 class=\"wp-block-heading\">Risco maior durante os per\u00edodos mais quentes<\/h3><p class=\"wp-block-paragraph\">Com o tempo seco, uma pequena chama pode se espalhar rapidamente, especialmente em \u00e1reas com vegeta\u00e7\u00e3o seca. A situa\u00e7\u00e3o exige aten\u00e7\u00e3o redobrada em terrenos baldios, \u00e1reas rurais e regi\u00f5es pr\u00f3ximas \u00e0s estradas.<\/p><p class=\"wp-block-paragraph\">A Defesa Civil orienta a popula\u00e7\u00e3o a <strong>n\u00e3o realizar queimadas<\/strong>, mesmo em \u00e1reas onde essa pr\u00e1tica possa parecer controlada. A recomenda\u00e7\u00e3o tamb\u00e9m vale para o descarte de cigarros e outros materiais que possam provocar inc\u00eandios.<\/p><p class=\"wp-block-paragraph\">Motoristas que trafegam pelas rodovias da regi\u00e3o tamb\u00e9m devem ficar atentos. Focos de inc\u00eandio pr\u00f3ximos \u00e0s pistas podem provocar <strong>fuma\u00e7a e redu\u00e7\u00e3o da visibilidade<\/strong>, aumentando o risco de acidentes.<\/p><h3 class=\"wp-block-heading\">Tempo seco tamb\u00e9m exige cuidados com a sa\u00fade<\/h3><p class=\"wp-block-paragraph\">Al\u00e9m do risco de inc\u00eandios, a baixa umidade pode provocar desconforto e agravar problemas respirat\u00f3rios.<\/p><p class=\"wp-block-paragraph\">A recomenda\u00e7\u00e3o \u00e9 manter uma boa hidrata\u00e7\u00e3o, evitar atividades f\u00edsicas intensas nos hor\u00e1rios de maior calor e reduzir a exposi\u00e7\u00e3o prolongada ao sol.<\/p><p class=\"wp-block-paragraph\">Crian\u00e7as, idosos e pessoas com problemas respirat\u00f3rios merecem aten\u00e7\u00e3o especial durante os per\u00edodos de umidade muito baixa.<\/p><h3 class=\"wp-block-heading\">Alerta permanece durante o calor<\/h3><p class=\"wp-block-paragraph\">A previs\u00e3o de temperaturas elevadas para o \u00faltimo fim de semana de agosto mant\u00e9m o Vale do Para\u00edba em situa\u00e7\u00e3o de aten\u00e7\u00e3o.<\/p><p class=\"wp-block-paragraph\">As autoridades refor\u00e7am que a colabora\u00e7\u00e3o da popula\u00e7\u00e3o \u00e9 fundamental para evitar novos focos de inc\u00eandio. Em caso de fuma\u00e7a ou fogo, a orienta\u00e7\u00e3o \u00e9 <strong>n\u00e3o tentar combater as chamas sozinho e acionar imediatamente os servi\u00e7os de emerg\u00eancia<\/strong>.<\/p><p class=\"wp-block-paragraph\">Com a combina\u00e7\u00e3o de calor, ar seco e vegeta\u00e7\u00e3o ressecada, o risco de queimadas permanece elevado na regi\u00e3o.<\/p>","protected":false},"excerpt":{"rendered":"<p>O calor e o tempo seco aumentam o risco de queimadas no Vale do Para\u00edba e em cidades da regi\u00e3o neste fim de semana. A Defesa Civil emitiu um alerta para as condi\u00e7\u00f5es favor\u00e1veis \u00e0 ocorr\u00eancia e \u00e0 propaga\u00e7\u00e3o de inc\u00eandios. A combina\u00e7\u00e3o de temperaturas elevadas, baixa umidade do ar e vegeta\u00e7\u00e3o ressecada deixa \u00e1reas [&hellip;]<\/p>\n","protected":false},"author":1,"featured_media":6997,"comment_status":"open","ping_status":"closed","sticky":false,"template":"","format":"standard","meta":{"site-sidebar-layout":"default","site-content-layout":"","ast-site-content-layout":"default","site-content-style":"default","site-sidebar-style":"default","ast-global-header-display":"","ast-banner-title-visibility":"","ast-main-header-display":"","ast-hfb-above-header-display":"","ast-hfb-below-header-display":"","ast-hfb-mobile-header-display":"","site-post-title":"","ast-breadcrumbs-content":"","ast-featured-img":"","footer-sml-layout":"","theme-transparent-header-meta":"","adv-header-id-meta":"","stick-header-meta":"","header-above-stick-meta":"","header-main-stick-meta":"","header-below-stick-meta":"","astra-migrate-meta-layouts":"set","ast-page-background-enabled":"default","ast-page-background-meta":{"desktop":{"background-color":"var(--ast-global-color-4)","background-image":"","background-repeat":"repeat","background-position":"center center","background-size":"auto","background-attachment":"scroll","background-type":"","background-media":"","overlay-type":"","overlay-color":"","overlay-opacity":"","overlay-gradient":""},"tablet":{"background-color":"","background-image":"","background-repeat":"repeat","background-position":"center center","background-size":"auto","background-attachment":"scroll","background-type":"","background-media":"","overlay-type":"","overlay-color":"","overlay-opacity":"","overlay-gradient":""},"mobile":{"background-color":"","background-image":"","background-repeat":"repeat","background-position":"center center","background-size":"auto","background-attachment":"scroll","background-type":"","background-media":"","overlay-type":"","overlay-color":"","overlay-opacity":"","overlay-gradient":""}},"ast-content-background-meta":{"desktop":{"background-color":"var(--ast-global-color-5)","background-image":"","background-repeat":"repeat","background-position":"center center","background-size":"auto","background-attachment":"scroll","background-type":"","background-media":"","overlay-type":"","overlay-color":"","overlay-opacity":"","overlay-gradient":""},"tablet":{"background-color":"var(--ast-global-color-5)","background-image":"","background-repeat":"repeat","background-position":"center center","background-size":"auto","background-attachment":"scroll","background-type":"","background-media":"","overlay-type":"","overlay-color":"","overlay-opacity":"","overlay-gradient":""},"mobile":{"background-color":"var(--ast-global-color-5)","background-image":"","background-repeat":"repeat","background-position":"center center","background-size":"auto","background-attachment":"scroll","background-type":"","background-media":"","overlay-type":"","overlay-color":"","overlay-opacity":"","overlay-gradient":""}},"footnotes":""},"categories":[1],"tags":[],"class_list":["post-6996","post","type-post","status-publish","format-standard","has-post-thumbnail","hentry","category-sem-categoria"],"_links":{"self":[{"href":"https:\/\/thebasnoticias.com.br\/index.php?rest_route=\/wp\/v2\/posts\/6996","targetHints":{"allow":["GET"]}}],"collection":[{"href":"https:\/\/thebasnoticias.com.br\/index.php?rest_route=\/wp\/v2\/posts"}],"about":[{"href":"https:\/\/thebasnoticias.com.br\/index.php?rest_route=\/wp\/v2\/types\/post"}],"author":[{"embeddable":true,"href":"https:\/\/thebasnoticias.com.br\/index.php?rest_route=\/wp\/v2\/users\/1"}],"replies":[{"embeddable":true,"href":"https:\/\/thebasnoticias.com.br\/index.php?rest_route=%2Fwp%2Fv2%2Fcomments&post=6996"}],"version-history":[{"count":1,"href":"https:\/\/thebasnoticias.com.br\/index.php?rest_route=\/wp\/v2\/posts\/6996\/revisions"}],"predecessor-version":[{"id":6998,"href":"https:\/\/thebasnoticias.com.br\/index.php?rest_route=\/wp\/v2\/posts\/6996\/revisions\/6998"}],"wp:featuredmedia":[{"embeddable":true,"href":"https:\/\/thebasnoticias.com.br\/index.php?rest_route=\/wp\/v2\/media\/6997"}],"wp:attachment":[{"href":"https:\/\/thebasnoticias.com.br\/index.php?rest_route=%2Fwp%2Fv2%2Fmedia&parent=6996"}],"wp:term":[{"taxonomy":"category","embeddable":true,"href":"https:\/\/thebasnoticias.com.br\/index.php?rest_route=%2Fwp%2Fv2%2Fcategories&post=6996"},{"taxonomy":"post_tag","embeddable":true,"href":"https:\/\/thebasnoticias.com.br\/index.php?rest_route=%2Fwp%2Fv2%2Ftags&post=6996"}],"curies":[{"name":"wp","href":"https:\/\/api.w.org\/{rel}","templated":true}]}}