{"id":6999,"date":"2026-08-29T08:32:42","date_gmt":"2026-08-29T11:32:42","guid":{"rendered":"https:\/\/thebasnoticias.com.br\/?p=6999"},"modified":"2026-08-31T08:33:39","modified_gmt":"2026-08-31T11:33:39","slug":"vale-do-paraiba-e-regiao-ganham-quase-190-mil-moradores-em-10-anos","status":"publish","type":"post","link":"https:\/\/thebasnoticias.com.br\/?p=6999","title":{"rendered":"Vale do Para\u00edba e regi\u00e3o ganham quase 190 mil moradores em 10 anos"},"content":{"rendered":"<p class=\"wp-block-paragraph\">O Vale do Para\u00edba e a regi\u00e3o bragantina ganharam <strong>quase 190 mil moradores em uma d\u00e9cada<\/strong>, segundo dados do Instituto Brasileiro de Geografia e Estat\u00edstica (IBGE). O levantamento mostra como a popula\u00e7\u00e3o regional mudou entre 2016 e 2026 e aponta quais munic\u00edpios tiveram os maiores crescimentos no per\u00edodo.<\/p><p class=\"wp-block-paragraph\">A regi\u00e3o passou por uma expans\u00e3o populacional significativa, impulsionada principalmente pelo crescimento de cidades que receberam novos moradores ao longo dos \u00faltimos anos.<\/p><h3 class=\"wp-block-heading\">Cidades que mais cresceram<\/h3><p class=\"wp-block-paragraph\">Entre os munic\u00edpios analisados, algumas cidades apresentaram crescimento populacional bem acima da m\u00e9dia regional.<\/p><p class=\"wp-block-paragraph\">O aumento da popula\u00e7\u00e3o est\u00e1 relacionado a fatores como expans\u00e3o imobili\u00e1ria, oferta de empregos, infraestrutura, localiza\u00e7\u00e3o estrat\u00e9gica e busca por cidades com melhor qualidade de vida.<\/p><p class=\"wp-block-paragraph\">O crescimento tamb\u00e9m \u00e9 percebido em munic\u00edpios do Litoral Norte, que v\u00eam registrando aumento da popula\u00e7\u00e3o e expans\u00e3o urbana.<\/p><h3 class=\"wp-block-heading\">S\u00e3o Jos\u00e9 dos Campos continua como maior cidade<\/h3><p class=\"wp-block-paragraph\"><strong>S\u00e3o Jos\u00e9 dos Campos<\/strong> permanece como o munic\u00edpio mais populoso da regi\u00e3o e concentra uma parcela importante dos novos moradores.<\/p><p class=\"wp-block-paragraph\">A cidade \u00e9 um dos principais polos econ\u00f4micos e tecnol\u00f3gicos do Vale do Para\u00edba e exerce influ\u00eancia sobre diversos munic\u00edpios vizinhos.<\/p><p class=\"wp-block-paragraph\">O crescimento populacional, por\u00e9m, n\u00e3o acontece de maneira uniforme. Enquanto algumas cidades registraram aumentos expressivos, outras tiveram crescimento mais discreto ou praticamente permaneceram est\u00e1veis.<\/p><h3 class=\"wp-block-heading\">Mais moradores, mais desafios<\/h3><p class=\"wp-block-paragraph\">O aumento de quase <strong>190 mil habitantes em dez anos<\/strong> tamb\u00e9m representa novos desafios para os munic\u00edpios.<\/p><p class=\"wp-block-paragraph\">Mais moradores significam maior demanda por <strong>sa\u00fade, educa\u00e7\u00e3o, transporte p\u00fablico, habita\u00e7\u00e3o, saneamento, seguran\u00e7a e infraestrutura urbana<\/strong>.<\/p><p class=\"wp-block-paragraph\">O crescimento populacional tamb\u00e9m exige planejamento para evitar problemas relacionados \u00e0 ocupa\u00e7\u00e3o desordenada, mobilidade urbana e expans\u00e3o das redes de \u00e1gua, esgoto e energia.<\/p><p class=\"wp-block-paragraph\">Os dados do IBGE servem como refer\u00eancia para que as administra\u00e7\u00f5es municipais possam planejar investimentos e pol\u00edticas p\u00fablicas de acordo com as mudan\u00e7as no perfil demogr\u00e1fico de cada cidade.<\/p><p class=\"wp-block-paragraph\">A evolu\u00e7\u00e3o populacional mostra que o Vale do Para\u00edba continua sendo uma das regi\u00f5es mais din\u00e2micas do interior paulista, com munic\u00edpios que seguem atraindo novos moradores e ampliando sua estrutura urbana.<\/p>","protected":false},"excerpt":{"rendered":"<p>O Vale do Para\u00edba e a regi\u00e3o bragantina ganharam quase 190 mil moradores em uma d\u00e9cada, segundo dados do Instituto Brasileiro de Geografia e Estat\u00edstica (IBGE). O levantamento mostra como a popula\u00e7\u00e3o regional mudou entre 2016 e 2026 e aponta quais munic\u00edpios tiveram os maiores crescimentos no per\u00edodo. A regi\u00e3o passou por uma expans\u00e3o populacional [&hellip;]<\/p>\n","protected":false},"author":1,"featured_media":7000,"comment_status":"open","ping_status":"closed","sticky":false,"template":"","format":"standard","meta":{"site-sidebar-layout":"default","site-content-layout":"","ast-site-content-layout":"default","site-content-style":"default","site-sidebar-style":"default","ast-global-header-display":"","ast-banner-title-visibility":"","ast-main-header-display":"","ast-hfb-above-header-display":"","ast-hfb-below-header-display":"","ast-hfb-mobile-header-display":"","site-post-title":"","ast-breadcrumbs-content":"","ast-featured-img":"","footer-sml-layout":"","theme-transparent-header-meta":"","adv-header-id-meta":"","stick-header-meta":"","header-above-stick-meta":"","header-main-stick-meta":"","header-below-stick-meta":"","astra-migrate-meta-layouts":"set","ast-page-background-enabled":"default","ast-page-background-meta":{"desktop":{"background-color":"var(--ast-global-color-4)","background-image":"","background-repeat":"repeat","background-position":"center center","background-size":"auto","background-attachment":"scroll","background-type":"","background-media":"","overlay-type":"","overlay-color":"","overlay-opacity":"","overlay-gradient":""},"tablet":{"background-color":"","background-image":"","background-repeat":"repeat","background-position":"center center","background-size":"auto","background-attachment":"scroll","background-type":"","background-media":"","overlay-type":"","overlay-color":"","overlay-opacity":"","overlay-gradient":""},"mobile":{"background-color":"","background-image":"","background-repeat":"repeat","background-position":"center center","background-size":"auto","background-attachment":"scroll","background-type":"","background-media":"","overlay-type":"","overlay-color":"","overlay-opacity":"","overlay-gradient":""}},"ast-content-background-meta":{"desktop":{"background-color":"var(--ast-global-color-5)","background-image":"","background-repeat":"repeat","background-position":"center center","background-size":"auto","background-attachment":"scroll","background-type":"","background-media":"","overlay-type":"","overlay-color":"","overlay-opacity":"","overlay-gradient":""},"tablet":{"background-color":"var(--ast-global-color-5)","background-image":"","background-repeat":"repeat","background-position":"center center","background-size":"auto","background-attachment":"scroll","background-type":"","background-media":"","overlay-type":"","overlay-color":"","overlay-opacity":"","overlay-gradient":""},"mobile":{"background-color":"var(--ast-global-color-5)","background-image":"","background-repeat":"repeat","background-position":"center center","background-size":"auto","background-attachment":"scroll","background-type":"","background-media":"","overlay-type":"","overlay-color":"","overlay-opacity":"","overlay-gradient":""}},"footnotes":""},"categories":[1],"tags":[],"class_list":["post-6999","post","type-post","status-publish","format-standard","has-post-thumbnail","hentry","category-sem-categoria"],"_links":{"self":[{"href":"https:\/\/thebasnoticias.com.br\/index.php?rest_route=\/wp\/v2\/posts\/6999","targetHints":{"allow":["GET"]}}],"collection":[{"href":"https:\/\/thebasnoticias.com.br\/index.php?rest_route=\/wp\/v2\/posts"}],"about":[{"href":"https:\/\/thebasnoticias.com.br\/index.php?rest_route=\/wp\/v2\/types\/post"}],"author":[{"embeddable":true,"href":"https:\/\/thebasnoticias.com.br\/index.php?rest_route=\/wp\/v2\/users\/1"}],"replies":[{"embeddable":true,"href":"https:\/\/thebasnoticias.com.br\/index.php?rest_route=%2Fwp%2Fv2%2Fcomments&post=6999"}],"version-history":[{"count":1,"href":"https:\/\/thebasnoticias.com.br\/index.php?rest_route=\/wp\/v2\/posts\/6999\/revisions"}],"predecessor-version":[{"id":7001,"href":"https:\/\/thebasnoticias.com.br\/index.php?rest_route=\/wp\/v2\/posts\/6999\/revisions\/7001"}],"wp:featuredmedia":[{"embeddable":true,"href":"https:\/\/thebasnoticias.com.br\/index.php?rest_route=\/wp\/v2\/media\/7000"}],"wp:attachment":[{"href":"https:\/\/thebasnoticias.com.br\/index.php?rest_route=%2Fwp%2Fv2%2Fmedia&parent=6999"}],"wp:term":[{"taxonomy":"category","embeddable":true,"href":"https:\/\/thebasnoticias.com.br\/index.php?rest_route=%2Fwp%2Fv2%2Fcategories&post=6999"},{"taxonomy":"post_tag","embeddable":true,"href":"https:\/\/thebasnoticias.com.br\/index.php?rest_route=%2Fwp%2Fv2%2Ftags&post=6999"}],"curies":[{"name":"wp","href":"https:\/\/api.w.org\/{rel}","templated":true}]}}