{"id":7005,"date":"2026-08-30T08:36:04","date_gmt":"2026-08-30T11:36:04","guid":{"rendered":"https:\/\/thebasnoticias.com.br\/?p=7005"},"modified":"2026-08-31T08:38:19","modified_gmt":"2026-08-31T11:38:19","slug":"mpt-apura-denuncias-de-assedio-eleitoral-em-empresas-do-vale-do-paraiba-a-35-dias-das-eleicoes","status":"publish","type":"post","link":"https:\/\/thebasnoticias.com.br\/?p=7005","title":{"rendered":"MPT apura den\u00fancias de ass\u00e9dio eleitoral em empresas do Vale do Para\u00edba a 35 dias das elei\u00e7\u00f5es"},"content":{"rendered":"<p class=\"wp-block-paragraph\">A 35 dias das Elei\u00e7\u00f5es 2026, o Minist\u00e9rio P\u00fablico do Trabalho (MPT) apura <strong>tr\u00eas den\u00fancias de ass\u00e9dio eleitoral em empresas da regi\u00e3o de S\u00e3o Jos\u00e9 dos Campos<\/strong>. Os casos foram registrados at\u00e9 quinta-feira (27) e ainda est\u00e3o em fase de investiga\u00e7\u00e3o.<\/p><p class=\"wp-block-paragraph\">O n\u00famero \u00e9 menor do que o registrado nas duas \u00faltimas elei\u00e7\u00f5es. Em 2022, foram contabilizadas <strong>17 den\u00fancias<\/strong> na regi\u00e3o. J\u00e1 em 2024, o MPT recebeu sete casos. O balan\u00e7o de 2026, no entanto, ainda n\u00e3o \u00e9 definitivo, j\u00e1 que novas den\u00fancias podem ser apresentadas at\u00e9 o encerramento do processo eleitoral.<\/p><p class=\"wp-block-paragraph\">O ass\u00e9dio eleitoral ocorre quando o empregador utiliza sua posi\u00e7\u00e3o de autoridade ou a estrutura da empresa para <strong>pressionar ou tentar influenciar a escolha pol\u00edtica dos trabalhadores<\/strong>.<\/p><p class=\"wp-block-paragraph\">Entre as situa\u00e7\u00f5es que podem caracterizar a pr\u00e1tica est\u00e3o amea\u00e7as de demiss\u00e3o relacionadas ao resultado das elei\u00e7\u00f5es, exig\u00eancia do uso de uniformes ou materiais vinculados a determinado candidato, oferta de dinheiro ou promessa de promo\u00e7\u00e3o em troca de apoio pol\u00edtico e realiza\u00e7\u00e3o de reuni\u00f5es para orientar o voto dos funcion\u00e1rios.<\/p><p class=\"wp-block-paragraph\">Tamb\u00e9m pode configurar ass\u00e9dio eleitoral impedir ou dificultar que o trabalhador deixe o servi\u00e7o para exercer seu direito de voto no dia da elei\u00e7\u00e3o.<\/p><h3 class=\"wp-block-heading\">Como denunciar<\/h3><p class=\"wp-block-paragraph\">O trabalhador que sofrer press\u00e3o pol\u00edtica no ambiente de trabalho pode procurar o <strong>Minist\u00e9rio P\u00fablico do Trabalho<\/strong> e registrar uma den\u00fancia para que o caso seja analisado.<\/p><p class=\"wp-block-paragraph\">A den\u00fancia pode envolver situa\u00e7\u00f5es como amea\u00e7a de perda do emprego, press\u00e3o para votar em determinado candidato ou partido, exig\u00eancia de comprova\u00e7\u00e3o do voto ou qualquer outra tentativa de interfer\u00eancia do empregador na escolha eleitoral do funcion\u00e1rio.<\/p><p class=\"wp-block-paragraph\">As den\u00fancias s\u00e3o recebidas pelo MPT, que avalia os relatos e pode instaurar procedimentos para investigar as empresas e adotar as medidas cab\u00edveis.<\/p><p class=\"wp-block-paragraph\">O \u00f3rg\u00e3o refor\u00e7a que o voto \u00e9 <strong>livre e secreto<\/strong> e que nenhum empregador pode obrigar o trabalhador a revelar sua escolha nas urnas ou utilizar sua posi\u00e7\u00e3o para constranger funcion\u00e1rios durante o per\u00edodo eleitoral.<\/p>","protected":false},"excerpt":{"rendered":"<p>A 35 dias das Elei\u00e7\u00f5es 2026, o Minist\u00e9rio P\u00fablico do Trabalho (MPT) apura tr\u00eas den\u00fancias de ass\u00e9dio eleitoral em empresas da regi\u00e3o de S\u00e3o Jos\u00e9 dos Campos. Os casos foram registrados at\u00e9 quinta-feira (27) e ainda est\u00e3o em fase de investiga\u00e7\u00e3o. O n\u00famero \u00e9 menor do que o registrado nas duas \u00faltimas elei\u00e7\u00f5es. Em 2022, [&hellip;]<\/p>\n","protected":false},"author":1,"featured_media":7006,"comment_status":"open","ping_status":"closed","sticky":false,"template":"","format":"standard","meta":{"site-sidebar-layout":"default","site-content-layout":"","ast-site-content-layout":"default","site-content-style":"default","site-sidebar-style":"default","ast-global-header-display":"","ast-banner-title-visibility":"","ast-main-header-display":"","ast-hfb-above-header-display":"","ast-hfb-below-header-display":"","ast-hfb-mobile-header-display":"","site-post-title":"","ast-breadcrumbs-content":"","ast-featured-img":"","footer-sml-layout":"","theme-transparent-header-meta":"","adv-header-id-meta":"","stick-header-meta":"","header-above-stick-meta":"","header-main-stick-meta":"","header-below-stick-meta":"","astra-migrate-meta-layouts":"set","ast-page-background-enabled":"default","ast-page-background-meta":{"desktop":{"background-color":"var(--ast-global-color-4)","background-image":"","background-repeat":"repeat","background-position":"center center","background-size":"auto","background-attachment":"scroll","background-type":"","background-media":"","overlay-type":"","overlay-color":"","overlay-opacity":"","overlay-gradient":""},"tablet":{"background-color":"","background-image":"","background-repeat":"repeat","background-position":"center center","background-size":"auto","background-attachment":"scroll","background-type":"","background-media":"","overlay-type":"","overlay-color":"","overlay-opacity":"","overlay-gradient":""},"mobile":{"background-color":"","background-image":"","background-repeat":"repeat","background-position":"center center","background-size":"auto","background-attachment":"scroll","background-type":"","background-media":"","overlay-type":"","overlay-color":"","overlay-opacity":"","overlay-gradient":""}},"ast-content-background-meta":{"desktop":{"background-color":"var(--ast-global-color-5)","background-image":"","background-repeat":"repeat","background-position":"center center","background-size":"auto","background-attachment":"scroll","background-type":"","background-media":"","overlay-type":"","overlay-color":"","overlay-opacity":"","overlay-gradient":""},"tablet":{"background-color":"var(--ast-global-color-5)","background-image":"","background-repeat":"repeat","background-position":"center center","background-size":"auto","background-attachment":"scroll","background-type":"","background-media":"","overlay-type":"","overlay-color":"","overlay-opacity":"","overlay-gradient":""},"mobile":{"background-color":"var(--ast-global-color-5)","background-image":"","background-repeat":"repeat","background-position":"center center","background-size":"auto","background-attachment":"scroll","background-type":"","background-media":"","overlay-type":"","overlay-color":"","overlay-opacity":"","overlay-gradient":""}},"footnotes":""},"categories":[1],"tags":[],"class_list":["post-7005","post","type-post","status-publish","format-standard","has-post-thumbnail","hentry","category-sem-categoria"],"_links":{"self":[{"href":"https:\/\/thebasnoticias.com.br\/index.php?rest_route=\/wp\/v2\/posts\/7005","targetHints":{"allow":["GET"]}}],"collection":[{"href":"https:\/\/thebasnoticias.com.br\/index.php?rest_route=\/wp\/v2\/posts"}],"about":[{"href":"https:\/\/thebasnoticias.com.br\/index.php?rest_route=\/wp\/v2\/types\/post"}],"author":[{"embeddable":true,"href":"https:\/\/thebasnoticias.com.br\/index.php?rest_route=\/wp\/v2\/users\/1"}],"replies":[{"embeddable":true,"href":"https:\/\/thebasnoticias.com.br\/index.php?rest_route=%2Fwp%2Fv2%2Fcomments&post=7005"}],"version-history":[{"count":1,"href":"https:\/\/thebasnoticias.com.br\/index.php?rest_route=\/wp\/v2\/posts\/7005\/revisions"}],"predecessor-version":[{"id":7007,"href":"https:\/\/thebasnoticias.com.br\/index.php?rest_route=\/wp\/v2\/posts\/7005\/revisions\/7007"}],"wp:featuredmedia":[{"embeddable":true,"href":"https:\/\/thebasnoticias.com.br\/index.php?rest_route=\/wp\/v2\/media\/7006"}],"wp:attachment":[{"href":"https:\/\/thebasnoticias.com.br\/index.php?rest_route=%2Fwp%2Fv2%2Fmedia&parent=7005"}],"wp:term":[{"taxonomy":"category","embeddable":true,"href":"https:\/\/thebasnoticias.com.br\/index.php?rest_route=%2Fwp%2Fv2%2Fcategories&post=7005"},{"taxonomy":"post_tag","embeddable":true,"href":"https:\/\/thebasnoticias.com.br\/index.php?rest_route=%2Fwp%2Fv2%2Ftags&post=7005"}],"curies":[{"name":"wp","href":"https:\/\/api.w.org\/{rel}","templated":true}]}}