{"id":7014,"date":"2026-08-30T08:41:53","date_gmt":"2026-08-30T11:41:53","guid":{"rendered":"https:\/\/thebasnoticias.com.br\/?p=7014"},"modified":"2026-08-31T08:43:07","modified_gmt":"2026-08-31T11:43:07","slug":"balao-cai-em-area-de-mata-em-ubatuba-autoridades-monitoram-varios-baloes-avistados-no-vale","status":"publish","type":"post","link":"https:\/\/thebasnoticias.com.br\/?p=7014","title":{"rendered":"Bal\u00e3o cai em \u00e1rea de mata em Ubatuba; autoridades monitoram v\u00e1rios bal\u00f5es avistados no Vale"},"content":{"rendered":"<p class=\"wp-block-paragraph\">Um bal\u00e3o caiu em uma \u00e1rea de mata fechada na regi\u00e3o sul de <strong>Ubatuba<\/strong>, no Litoral Norte de S\u00e3o Paulo, na manh\u00e3 deste domingo (30). A ocorr\u00eancia foi registrada por volta das 10h20, nas proximidades da <strong>Praia da Ca\u00e7andoca<\/strong>.<\/p><p class=\"wp-block-paragraph\">Segundo a Defesa Civil, o bal\u00e3o j\u00e1 n\u00e3o apresentava chamas quando caiu e, at\u00e9 o momento, n\u00e3o havia registro de inc\u00eandio na \u00e1rea.<\/p><p class=\"wp-block-paragraph\">O local possui acesso dif\u00edcil por causa das caracter\u00edsticas do terreno. Por isso, as equipes n\u00e3o conseguiram retirar o artefato e mant\u00eam a regi\u00e3o sob monitoramento para evitar que um eventual foco de fogo se espalhe pela vegeta\u00e7\u00e3o.<\/p><h3 class=\"wp-block-heading\">V\u00e1rios bal\u00f5es foram vistos na regi\u00e3o<\/h3><p class=\"wp-block-paragraph\">A ocorr\u00eancia em Ubatuba chamou a aten\u00e7\u00e3o porque <strong>diversos bal\u00f5es foram avistados sobre diferentes cidades do Vale do Para\u00edba e do Litoral Norte<\/strong> durante o domingo.<\/p><p class=\"wp-block-paragraph\">Em S\u00e3o Jos\u00e9 dos Campos, moradores registraram um bal\u00e3o de grandes propor\u00e7\u00f5es sobrevoando \u00e1reas urbanas. Outros foram vistos nas regi\u00f5es do Parque Industrial, Parque Interlagos e na zona leste da cidade.<\/p><p class=\"wp-block-paragraph\">Em Jacare\u00ed, um bal\u00e3o foi avistado no bairro Jardim Calif\u00f3rnia.<\/p><p class=\"wp-block-paragraph\">J\u00e1 em <strong>Cachoeira Paulista<\/strong>, a Defesa Civil informou que aproximadamente seis bal\u00f5es foram vistos no c\u00e9u. Segundo o \u00f3rg\u00e3o, os artefatos teriam vindo de Ca\u00e7apava e seguido em dire\u00e7\u00e3o ao Vale Hist\u00f3rico.<\/p><h3 class=\"wp-block-heading\">Risco aumenta com tempo seco<\/h3><p class=\"wp-block-paragraph\">A presen\u00e7a dos bal\u00f5es preocupa as autoridades principalmente devido ao <strong>risco de inc\u00eandios<\/strong>, que \u00e9 maior neste per\u00edodo de tempo seco e com temperaturas elevadas.<\/p><p class=\"wp-block-paragraph\">Um bal\u00e3o pode percorrer grandes dist\u00e2ncias sem que seja poss\u00edvel controlar sua trajet\u00f3ria. Depois de lan\u00e7ado, o artefato pode cair sobre \u00e1reas de mata, resid\u00eancias, rodovias, redes el\u00e9tricas ou outras estruturas.<\/p><p class=\"wp-block-paragraph\">Al\u00e9m dos riscos ambientais e materiais, os bal\u00f5es tamb\u00e9m podem representar perigo para a <strong>avia\u00e7\u00e3o<\/strong>, caso entrem na rota de aeronaves.<\/p><h3 class=\"wp-block-heading\">Soltar bal\u00e3o \u00e9 crime<\/h3><p class=\"wp-block-paragraph\">A soltura de bal\u00f5es capazes de provocar inc\u00eandios \u00e9 considerada <strong>crime ambiental<\/strong> no Brasil. O artigo 42 da Lei de Crimes Ambientais estabelece pena de deten\u00e7\u00e3o de um a tr\u00eas anos e multa para quem fabricar, vender, transportar ou soltar bal\u00f5es que possam causar inc\u00eandios em \u00e1reas de vegeta\u00e7\u00e3o ou zonas urbanas.<\/p><p class=\"wp-block-paragraph\">As autoridades orientam que a popula\u00e7\u00e3o <strong>n\u00e3o tente retirar bal\u00f5es encontrados em \u00e1rvores, \u00e1reas de mata ou pr\u00f3ximos \u00e0 rede el\u00e9trica<\/strong>.<\/p><p class=\"wp-block-paragraph\">Em caso de inc\u00eandio, a recomenda\u00e7\u00e3o \u00e9 deixar o local e acionar imediatamente o Corpo de Bombeiros pelo telefone <strong>193<\/strong>.<\/p>","protected":false},"excerpt":{"rendered":"<p>Um bal\u00e3o caiu em uma \u00e1rea de mata fechada na regi\u00e3o sul de Ubatuba, no Litoral Norte de S\u00e3o Paulo, na manh\u00e3 deste domingo (30). A ocorr\u00eancia foi registrada por volta das 10h20, nas proximidades da Praia da Ca\u00e7andoca. Segundo a Defesa Civil, o bal\u00e3o j\u00e1 n\u00e3o apresentava chamas quando caiu e, at\u00e9 o momento, [&hellip;]<\/p>\n","protected":false},"author":1,"featured_media":7015,"comment_status":"open","ping_status":"closed","sticky":false,"template":"","format":"standard","meta":{"site-sidebar-layout":"default","site-content-layout":"","ast-site-content-layout":"default","site-content-style":"default","site-sidebar-style":"default","ast-global-header-display":"","ast-banner-title-visibility":"","ast-main-header-display":"","ast-hfb-above-header-display":"","ast-hfb-below-header-display":"","ast-hfb-mobile-header-display":"","site-post-title":"","ast-breadcrumbs-content":"","ast-featured-img":"","footer-sml-layout":"","theme-transparent-header-meta":"","adv-header-id-meta":"","stick-header-meta":"","header-above-stick-meta":"","header-main-stick-meta":"","header-below-stick-meta":"","astra-migrate-meta-layouts":"set","ast-page-background-enabled":"default","ast-page-background-meta":{"desktop":{"background-color":"var(--ast-global-color-4)","background-image":"","background-repeat":"repeat","background-position":"center center","background-size":"auto","background-attachment":"scroll","background-type":"","background-media":"","overlay-type":"","overlay-color":"","overlay-opacity":"","overlay-gradient":""},"tablet":{"background-color":"","background-image":"","background-repeat":"repeat","background-position":"center center","background-size":"auto","background-attachment":"scroll","background-type":"","background-media":"","overlay-type":"","overlay-color":"","overlay-opacity":"","overlay-gradient":""},"mobile":{"background-color":"","background-image":"","background-repeat":"repeat","background-position":"center center","background-size":"auto","background-attachment":"scroll","background-type":"","background-media":"","overlay-type":"","overlay-color":"","overlay-opacity":"","overlay-gradient":""}},"ast-content-background-meta":{"desktop":{"background-color":"var(--ast-global-color-5)","background-image":"","background-repeat":"repeat","background-position":"center center","background-size":"auto","background-attachment":"scroll","background-type":"","background-media":"","overlay-type":"","overlay-color":"","overlay-opacity":"","overlay-gradient":""},"tablet":{"background-color":"var(--ast-global-color-5)","background-image":"","background-repeat":"repeat","background-position":"center center","background-size":"auto","background-attachment":"scroll","background-type":"","background-media":"","overlay-type":"","overlay-color":"","overlay-opacity":"","overlay-gradient":""},"mobile":{"background-color":"var(--ast-global-color-5)","background-image":"","background-repeat":"repeat","background-position":"center center","background-size":"auto","background-attachment":"scroll","background-type":"","background-media":"","overlay-type":"","overlay-color":"","overlay-opacity":"","overlay-gradient":""}},"footnotes":""},"categories":[1],"tags":[],"class_list":["post-7014","post","type-post","status-publish","format-standard","has-post-thumbnail","hentry","category-sem-categoria"],"_links":{"self":[{"href":"https:\/\/thebasnoticias.com.br\/index.php?rest_route=\/wp\/v2\/posts\/7014","targetHints":{"allow":["GET"]}}],"collection":[{"href":"https:\/\/thebasnoticias.com.br\/index.php?rest_route=\/wp\/v2\/posts"}],"about":[{"href":"https:\/\/thebasnoticias.com.br\/index.php?rest_route=\/wp\/v2\/types\/post"}],"author":[{"embeddable":true,"href":"https:\/\/thebasnoticias.com.br\/index.php?rest_route=\/wp\/v2\/users\/1"}],"replies":[{"embeddable":true,"href":"https:\/\/thebasnoticias.com.br\/index.php?rest_route=%2Fwp%2Fv2%2Fcomments&post=7014"}],"version-history":[{"count":1,"href":"https:\/\/thebasnoticias.com.br\/index.php?rest_route=\/wp\/v2\/posts\/7014\/revisions"}],"predecessor-version":[{"id":7016,"href":"https:\/\/thebasnoticias.com.br\/index.php?rest_route=\/wp\/v2\/posts\/7014\/revisions\/7016"}],"wp:featuredmedia":[{"embeddable":true,"href":"https:\/\/thebasnoticias.com.br\/index.php?rest_route=\/wp\/v2\/media\/7015"}],"wp:attachment":[{"href":"https:\/\/thebasnoticias.com.br\/index.php?rest_route=%2Fwp%2Fv2%2Fmedia&parent=7014"}],"wp:term":[{"taxonomy":"category","embeddable":true,"href":"https:\/\/thebasnoticias.com.br\/index.php?rest_route=%2Fwp%2Fv2%2Fcategories&post=7014"},{"taxonomy":"post_tag","embeddable":true,"href":"https:\/\/thebasnoticias.com.br\/index.php?rest_route=%2Fwp%2Fv2%2Ftags&post=7014"}],"curies":[{"name":"wp","href":"https:\/\/api.w.org\/{rel}","templated":true}]}}